{"id":992,"date":"2020-07-21T13:14:22","date_gmt":"2020-07-21T11:14:22","guid":{"rendered":"https:\/\/elsenatus.es\/?p=992"},"modified":"2020-07-21T13:14:24","modified_gmt":"2020-07-21T11:14:24","slug":"el-proximo-domingo-especial-santa-ana-2020-a-las-2200h","status":"publish","type":"post","link":"https:\/\/elsenatus.es\/?p=992","title":{"rendered":"El pr\u00f3ximo domingo, especial Santa Ana 2020 a las 22:00h"},"content":{"rendered":"\n<p>Como ya viene siendo habitual desde ELSENATUS.ES venimos realizando especiales en las festividades de nuestras Hermandades y Cofrad\u00edas. Santa Ana a pesar de no ser Agrupaci\u00f3n o Hermandad, es una de las festividades populares de nuestra ciudad y cuanta con un grupo de j\u00f3venes tras la comisi\u00f3n que organiza los cultos a la abuela de Chiclana.<\/p>\n\n\n\n<p>Es por ello que en nuestra labor de engrandecer la Chiclana Cofrade hemos querido dedicar este especial en el d\u00eda de su festividad. Ser\u00e1 el domingo 26 de julio a las 22:00h de la noche en nuestro canal de Youtube con im\u00e1genes del a\u00f1o pasado gracias a la colaboraci\u00f3n de Ocho Chiclana y Jes\u00fas Muriel, adem\u00e1s entrevistamos a David Fern\u00e1ndez miembro de la Comisi\u00f3n de Santa Ana.<\/p>\n\n\n\n<figure class=\"wp-block-image size-large\"><img loading=\"lazy\" decoding=\"async\" width=\"828\" height=\"817\" src=\"https:\/\/elsenatus.es\/wp-content\/uploads\/2020\/07\/A93C037D-91EA-4A3A-B40A-A3282B789F28.jpeg\" alt=\"\" class=\"wp-image-994\" srcset=\"https:\/\/elsenatus.es\/wp-content\/uploads\/2020\/07\/A93C037D-91EA-4A3A-B40A-A3282B789F28.jpeg 828w, https:\/\/elsenatus.es\/wp-content\/uploads\/2020\/07\/A93C037D-91EA-4A3A-B40A-A3282B789F28-300x296.jpeg 300w, https:\/\/elsenatus.es\/wp-content\/uploads\/2020\/07\/A93C037D-91EA-4A3A-B40A-A3282B789F28-768x758.jpeg 768w\" sizes=\"(max-width: 828px) 100vw, 828px\" \/><\/figure>\n\n\n\n<p><\/p>\n","protected":false},"excerpt":{"rendered":"<p>Como ya viene siendo habitual desde ELSENATUS.ES venimos realizando especiales en las festividades de nuestras Hermandades y Cofrad\u00edas. Santa Ana a pesar de no ser<\/p>\n","protected":false},"author":1,"featured_media":993,"comment_status":"open","ping_status":"open","sticky":false,"template":"","format":"standard","meta":{"jetpack_post_was_ever_published":false,"_jetpack_newsletter_access":"","_jetpack_dont_email_post_to_subs":false,"_jetpack_newsletter_tier_id":0,"_jetpack_memberships_contains_paywalled_content":false,"_jetpack_memberships_contains_paid_content":false,"footnotes":"","jetpack_publicize_message":"El pr\u00f3ximo domingo, especial Santa Ana 2020 a las 22:00h en nuestro canal de Youtube.","jetpack_publicize_feature_enabled":true,"jetpack_social_post_already_shared":true,"jetpack_social_options":{"image_generator_settings":{"template":"highway","enabled":false},"version":2}},"categories":[53,27],"tags":[52],"class_list":["post-992","post","type-post","status-publish","format-standard","has-post-thumbnail","hentry","category-actualidad","category-glorias","tag-santa-ana"],"jetpack_publicize_connections":[],"jetpack_featured_media_url":"https:\/\/elsenatus.es\/wp-content\/uploads\/2020\/07\/F8BA0F6C-6987-4906-A2F7-A0BCE2BE242E.jpeg","jetpack_sharing_enabled":true,"jetpack_likes_enabled":true,"_links":{"self":[{"href":"https:\/\/elsenatus.es\/index.php?rest_route=\/wp\/v2\/posts\/992"}],"collection":[{"href":"https:\/\/elsenatus.es\/index.php?rest_route=\/wp\/v2\/posts"}],"about":[{"href":"https:\/\/elsenatus.es\/index.php?rest_route=\/wp\/v2\/types\/post"}],"author":[{"embeddable":true,"href":"https:\/\/elsenatus.es\/index.php?rest_route=\/wp\/v2\/users\/1"}],"replies":[{"embeddable":true,"href":"https:\/\/elsenatus.es\/index.php?rest_route=%2Fwp%2Fv2%2Fcomments&post=992"}],"version-history":[{"count":1,"href":"https:\/\/elsenatus.es\/index.php?rest_route=\/wp\/v2\/posts\/992\/revisions"}],"predecessor-version":[{"id":995,"href":"https:\/\/elsenatus.es\/index.php?rest_route=\/wp\/v2\/posts\/992\/revisions\/995"}],"wp:featuredmedia":[{"embeddable":true,"href":"https:\/\/elsenatus.es\/index.php?rest_route=\/wp\/v2\/media\/993"}],"wp:attachment":[{"href":"https:\/\/elsenatus.es\/index.php?rest_route=%2Fwp%2Fv2%2Fmedia&parent=992"}],"wp:term":[{"taxonomy":"category","embeddable":true,"href":"https:\/\/elsenatus.es\/index.php?rest_route=%2Fwp%2Fv2%2Fcategories&post=992"},{"taxonomy":"post_tag","embeddable":true,"href":"https:\/\/elsenatus.es\/index.php?rest_route=%2Fwp%2Fv2%2Ftags&post=992"}],"curies":[{"name":"wp","href":"https:\/\/api.w.org\/{rel}","templated":true}]}}