{"id":961,"date":"2020-07-14T22:03:17","date_gmt":"2020-07-14T20:03:17","guid":{"rendered":"https:\/\/elsenatus.es\/?p=961"},"modified":"2020-07-26T20:21:29","modified_gmt":"2020-07-26T18:21:29","slug":"santa-ana-se-prepara-para-su-festividad","status":"publish","type":"post","link":"https:\/\/elsenatus.es\/?p=961","title":{"rendered":"Santa Ana se prepara para su festividad"},"content":{"rendered":"\n<p>La comisi\u00f3n de la festividad de Santa Ana ha publicado en la jornada de hoy en sus redes sociales los cultos internos que realizar\u00e1n con motivo de la onom\u00e1stica de San Joaqu\u00edn y Santa Ana. La Solemne Novena dar\u00e1 comienzo el 17 de julio finalizando el pr\u00f3ximo d\u00eda 25 celebr\u00e1ndose en la Iglesia Mayor. El d\u00eda 26, d\u00eda de Santa Ana, se celebrar\u00e1 la Solemne Eucarist\u00eda en la propia ermita de Santa Ana a las 9:00h de la ma\u00f1ana presidida por la misma imagen.<\/p>\n\n\n\n<figure class=\"wp-block-image size-large\"><img loading=\"lazy\" decoding=\"async\" width=\"724\" height=\"1024\" src=\"https:\/\/elsenatus.es\/wp-content\/uploads\/2020\/07\/96340908-354E-4595-BFDF-E785EE22A35E-724x1024.jpeg\" alt=\"\" class=\"wp-image-962\" srcset=\"https:\/\/elsenatus.es\/wp-content\/uploads\/2020\/07\/96340908-354E-4595-BFDF-E785EE22A35E-724x1024.jpeg 724w, https:\/\/elsenatus.es\/wp-content\/uploads\/2020\/07\/96340908-354E-4595-BFDF-E785EE22A35E-212x300.jpeg 212w, https:\/\/elsenatus.es\/wp-content\/uploads\/2020\/07\/96340908-354E-4595-BFDF-E785EE22A35E-768x1086.jpeg 768w, https:\/\/elsenatus.es\/wp-content\/uploads\/2020\/07\/96340908-354E-4595-BFDF-E785EE22A35E.jpeg 820w\" sizes=\"(max-width: 724px) 100vw, 724px\" \/><\/figure>\n","protected":false},"excerpt":{"rendered":"<p>La comisi\u00f3n de la festividad de Santa Ana ha publicado en la jornada de hoy en sus redes sociales los cultos internos que realizar\u00e1n con<\/p>\n","protected":false},"author":1,"featured_media":963,"comment_status":"open","ping_status":"open","sticky":false,"template":"","format":"standard","meta":{"jetpack_post_was_ever_published":false,"_jetpack_newsletter_access":"","_jetpack_dont_email_post_to_subs":false,"_jetpack_newsletter_tier_id":0,"_jetpack_memberships_contains_paywalled_content":false,"_jetpack_memberships_contains_paid_content":false,"footnotes":"","jetpack_publicize_message":"#ACTUALIDAD\nSanta Ana se prepara para su festividad","jetpack_publicize_feature_enabled":true,"jetpack_social_post_already_shared":true,"jetpack_social_options":{"image_generator_settings":{"template":"highway","enabled":false},"version":2}},"categories":[53,27],"tags":[],"class_list":["post-961","post","type-post","status-publish","format-standard","has-post-thumbnail","hentry","category-actualidad","category-glorias"],"jetpack_publicize_connections":[],"jetpack_featured_media_url":"https:\/\/elsenatus.es\/wp-content\/uploads\/2020\/07\/A41C155B-7DFF-40F9-98FC-05954B5D06BE.jpeg","jetpack_sharing_enabled":true,"jetpack_likes_enabled":true,"_links":{"self":[{"href":"https:\/\/elsenatus.es\/index.php?rest_route=\/wp\/v2\/posts\/961"}],"collection":[{"href":"https:\/\/elsenatus.es\/index.php?rest_route=\/wp\/v2\/posts"}],"about":[{"href":"https:\/\/elsenatus.es\/index.php?rest_route=\/wp\/v2\/types\/post"}],"author":[{"embeddable":true,"href":"https:\/\/elsenatus.es\/index.php?rest_route=\/wp\/v2\/users\/1"}],"replies":[{"embeddable":true,"href":"https:\/\/elsenatus.es\/index.php?rest_route=%2Fwp%2Fv2%2Fcomments&post=961"}],"version-history":[{"count":1,"href":"https:\/\/elsenatus.es\/index.php?rest_route=\/wp\/v2\/posts\/961\/revisions"}],"predecessor-version":[{"id":964,"href":"https:\/\/elsenatus.es\/index.php?rest_route=\/wp\/v2\/posts\/961\/revisions\/964"}],"wp:featuredmedia":[{"embeddable":true,"href":"https:\/\/elsenatus.es\/index.php?rest_route=\/wp\/v2\/media\/963"}],"wp:attachment":[{"href":"https:\/\/elsenatus.es\/index.php?rest_route=%2Fwp%2Fv2%2Fmedia&parent=961"}],"wp:term":[{"taxonomy":"category","embeddable":true,"href":"https:\/\/elsenatus.es\/index.php?rest_route=%2Fwp%2Fv2%2Fcategories&post=961"},{"taxonomy":"post_tag","embeddable":true,"href":"https:\/\/elsenatus.es\/index.php?rest_route=%2Fwp%2Fv2%2Ftags&post=961"}],"curies":[{"name":"wp","href":"https:\/\/api.w.org\/{rel}","templated":true}]}}