{"id":922,"date":"2020-07-06T14:02:00","date_gmt":"2020-07-06T12:02:00","guid":{"rendered":"https:\/\/elsenatus.es\/?p=922"},"modified":"2020-07-06T08:02:48","modified_gmt":"2020-07-06T06:02:48","slug":"el-carmen-de-sancti-petri-prepara-ya-sus-cultos-para-el-mes-de-julio","status":"publish","type":"post","link":"https:\/\/elsenatus.es\/?p=922","title":{"rendered":"El Carmen de Sancti Petri prepara ya sus cultos para el mes de julio"},"content":{"rendered":"\n<p>La Hermandad del Carmen Atunera al igual que la Hermandad de San Sebasti\u00e1n ya se encuentra inmersa en los preparativos de los cultos con motivo de la festividad del Carmen el pr\u00f3ximo 16 de julio.<\/p>\n\n\n\n<p>Al igual que viene ocurriendo en el resto de Hermandades, en esta ocasi\u00f3n no se celebrar\u00e1 por precauci\u00f3n tanto la romer\u00eda hacia el pueblo de Sancti Petri as\u00ed como la procesi\u00f3n mar\u00edtima. Sin embargo, la hermandad celebrar\u00e1 sus cultos internos dentro de esta nueva normalidad.<\/p>\n\n\n\n<figure class=\"wp-block-image size-large\"><img loading=\"lazy\" decoding=\"async\" width=\"722\" height=\"1024\" src=\"https:\/\/elsenatus.es\/wp-content\/uploads\/2020\/07\/Captura-de-pantalla-2020-07-06-a-las-8.00.13-722x1024.png\" alt=\"\" class=\"wp-image-923\" srcset=\"https:\/\/elsenatus.es\/wp-content\/uploads\/2020\/07\/Captura-de-pantalla-2020-07-06-a-las-8.00.13-722x1024.png 722w, https:\/\/elsenatus.es\/wp-content\/uploads\/2020\/07\/Captura-de-pantalla-2020-07-06-a-las-8.00.13-212x300.png 212w, https:\/\/elsenatus.es\/wp-content\/uploads\/2020\/07\/Captura-de-pantalla-2020-07-06-a-las-8.00.13-768x1089.png 768w, https:\/\/elsenatus.es\/wp-content\/uploads\/2020\/07\/Captura-de-pantalla-2020-07-06-a-las-8.00.13-1083x1536.png 1083w, https:\/\/elsenatus.es\/wp-content\/uploads\/2020\/07\/Captura-de-pantalla-2020-07-06-a-las-8.00.13-1444x2048.png 1444w, https:\/\/elsenatus.es\/wp-content\/uploads\/2020\/07\/Captura-de-pantalla-2020-07-06-a-las-8.00.13.png 1728w\" sizes=\"(max-width: 722px) 100vw, 722px\" \/><\/figure>\n","protected":false},"excerpt":{"rendered":"<p>La Hermandad del Carmen Atunera al igual que la Hermandad de San Sebasti\u00e1n ya se encuentra inmersa en los preparativos de los cultos con motivo<\/p>\n","protected":false},"author":1,"featured_media":924,"comment_status":"open","ping_status":"open","sticky":false,"template":"","format":"standard","meta":{"jetpack_post_was_ever_published":false,"_jetpack_newsletter_access":"","_jetpack_dont_email_post_to_subs":false,"_jetpack_newsletter_tier_id":0,"_jetpack_memberships_contains_paywalled_content":false,"_jetpack_memberships_contains_paid_content":false,"footnotes":"","jetpack_publicize_message":"#ACTUALIDAD\nEl Carmen de Sancti Petri prepara ya sus cultos para el mes de julio.","jetpack_publicize_feature_enabled":true,"jetpack_social_post_already_shared":true,"jetpack_social_options":{"image_generator_settings":{"template":"highway","enabled":false},"version":2}},"categories":[53,27],"tags":[],"class_list":["post-922","post","type-post","status-publish","format-standard","has-post-thumbnail","hentry","category-actualidad","category-glorias"],"jetpack_publicize_connections":[],"jetpack_featured_media_url":"https:\/\/elsenatus.es\/wp-content\/uploads\/2020\/07\/P1012827-scaled.jpg","jetpack_sharing_enabled":true,"jetpack_likes_enabled":true,"_links":{"self":[{"href":"https:\/\/elsenatus.es\/index.php?rest_route=\/wp\/v2\/posts\/922"}],"collection":[{"href":"https:\/\/elsenatus.es\/index.php?rest_route=\/wp\/v2\/posts"}],"about":[{"href":"https:\/\/elsenatus.es\/index.php?rest_route=\/wp\/v2\/types\/post"}],"author":[{"embeddable":true,"href":"https:\/\/elsenatus.es\/index.php?rest_route=\/wp\/v2\/users\/1"}],"replies":[{"embeddable":true,"href":"https:\/\/elsenatus.es\/index.php?rest_route=%2Fwp%2Fv2%2Fcomments&post=922"}],"version-history":[{"count":1,"href":"https:\/\/elsenatus.es\/index.php?rest_route=\/wp\/v2\/posts\/922\/revisions"}],"predecessor-version":[{"id":925,"href":"https:\/\/elsenatus.es\/index.php?rest_route=\/wp\/v2\/posts\/922\/revisions\/925"}],"wp:featuredmedia":[{"embeddable":true,"href":"https:\/\/elsenatus.es\/index.php?rest_route=\/wp\/v2\/media\/924"}],"wp:attachment":[{"href":"https:\/\/elsenatus.es\/index.php?rest_route=%2Fwp%2Fv2%2Fmedia&parent=922"}],"wp:term":[{"taxonomy":"category","embeddable":true,"href":"https:\/\/elsenatus.es\/index.php?rest_route=%2Fwp%2Fv2%2Fcategories&post=922"},{"taxonomy":"post_tag","embeddable":true,"href":"https:\/\/elsenatus.es\/index.php?rest_route=%2Fwp%2Fv2%2Ftags&post=922"}],"curies":[{"name":"wp","href":"https:\/\/api.w.org\/{rel}","templated":true}]}}