{"id":899,"date":"2020-07-02T13:18:31","date_gmt":"2020-07-02T11:18:31","guid":{"rendered":"https:\/\/elsenatus.es\/?p=899"},"modified":"2020-07-02T13:18:32","modified_gmt":"2020-07-02T11:18:32","slug":"la-hermandad-del-carmen-de-san-sebastian-anuncia-sus-cultos-para-el-mes-de-julio","status":"publish","type":"post","link":"https:\/\/elsenatus.es\/?p=899","title":{"rendered":"La Hermandad del Carmen de San Sebasti\u00e1n anuncia sus cultos para el mes de julio"},"content":{"rendered":"\n<p>La Hermandad de Ntra. del Carmen de San Sebasti\u00e1n ha dado a conocer hoy sus cultos en honor a su titular con motivo de su onom\u00e1stica en el mes de julio. Unos cultos en esta nueva normalidad en el que la gran ausencia es la salida procesional que se suspende este a\u00f1o con motivo de la pandemia de la Covid-19.<\/p>\n\n\n\n<p>Del 7 al 15 de julio, Solemne Novena repartidas en dos convocatorias una por la ma\u00f1ana a las 10:00 horas y otra por la tarde a partir de las 19:15h.<\/p>\n\n\n\n<p>El 16 de julio, festividad lit\u00fargica de Nuestra Se\u00f1ora del Carmen, a las 9:30h rezo del santo rosario y posterior eucarist\u00eda. Ya por la tarde Solemne Funeral por todas las v\u00edctimas de la pandemia del covid-19 oficiado por el Rvdo. Padre Jos\u00e9 Manuel Daza, arcipreste de Chiclana.<\/p>\n\n\n\n<figure class=\"wp-block-image size-large\"><img loading=\"lazy\" decoding=\"async\" width=\"960\" height=\"522\" src=\"https:\/\/elsenatus.es\/wp-content\/uploads\/2020\/07\/cultoscarmen2020.jpg\" alt=\"\" class=\"wp-image-900\" srcset=\"https:\/\/elsenatus.es\/wp-content\/uploads\/2020\/07\/cultoscarmen2020.jpg 960w, https:\/\/elsenatus.es\/wp-content\/uploads\/2020\/07\/cultoscarmen2020-300x163.jpg 300w, https:\/\/elsenatus.es\/wp-content\/uploads\/2020\/07\/cultoscarmen2020-768x418.jpg 768w\" sizes=\"(max-width: 960px) 100vw, 960px\" \/><\/figure>\n","protected":false},"excerpt":{"rendered":"<p>La Hermandad de Ntra. del Carmen de San Sebasti\u00e1n ha dado a conocer hoy sus cultos en honor a su titular con motivo de su<\/p>\n","protected":false},"author":1,"featured_media":901,"comment_status":"open","ping_status":"open","sticky":false,"template":"","format":"standard","meta":{"jetpack_post_was_ever_published":false,"_jetpack_newsletter_access":"","_jetpack_dont_email_post_to_subs":false,"_jetpack_newsletter_tier_id":0,"_jetpack_memberships_contains_paywalled_content":false,"_jetpack_memberships_contains_paid_content":false,"footnotes":"","jetpack_publicize_message":"#ACTUALIDAD\nLa Hermandad del Carmen de San Sebasti\u00e1n anuncia sus cultos para el mes de julio","jetpack_publicize_feature_enabled":true,"jetpack_social_post_already_shared":true,"jetpack_social_options":{"image_generator_settings":{"template":"highway","enabled":false},"version":2}},"categories":[53,27],"tags":[45],"class_list":["post-899","post","type-post","status-publish","format-standard","has-post-thumbnail","hentry","category-actualidad","category-glorias","tag-elcarmen"],"jetpack_publicize_connections":[],"jetpack_featured_media_url":"https:\/\/elsenatus.es\/wp-content\/uploads\/2020\/07\/DSC_0355.jpg","jetpack_sharing_enabled":true,"jetpack_likes_enabled":true,"_links":{"self":[{"href":"https:\/\/elsenatus.es\/index.php?rest_route=\/wp\/v2\/posts\/899"}],"collection":[{"href":"https:\/\/elsenatus.es\/index.php?rest_route=\/wp\/v2\/posts"}],"about":[{"href":"https:\/\/elsenatus.es\/index.php?rest_route=\/wp\/v2\/types\/post"}],"author":[{"embeddable":true,"href":"https:\/\/elsenatus.es\/index.php?rest_route=\/wp\/v2\/users\/1"}],"replies":[{"embeddable":true,"href":"https:\/\/elsenatus.es\/index.php?rest_route=%2Fwp%2Fv2%2Fcomments&post=899"}],"version-history":[{"count":1,"href":"https:\/\/elsenatus.es\/index.php?rest_route=\/wp\/v2\/posts\/899\/revisions"}],"predecessor-version":[{"id":902,"href":"https:\/\/elsenatus.es\/index.php?rest_route=\/wp\/v2\/posts\/899\/revisions\/902"}],"wp:featuredmedia":[{"embeddable":true,"href":"https:\/\/elsenatus.es\/index.php?rest_route=\/wp\/v2\/media\/901"}],"wp:attachment":[{"href":"https:\/\/elsenatus.es\/index.php?rest_route=%2Fwp%2Fv2%2Fmedia&parent=899"}],"wp:term":[{"taxonomy":"category","embeddable":true,"href":"https:\/\/elsenatus.es\/index.php?rest_route=%2Fwp%2Fv2%2Fcategories&post=899"},{"taxonomy":"post_tag","embeddable":true,"href":"https:\/\/elsenatus.es\/index.php?rest_route=%2Fwp%2Fv2%2Ftags&post=899"}],"curies":[{"name":"wp","href":"https:\/\/api.w.org\/{rel}","templated":true}]}}