{"id":851,"date":"2020-06-24T10:00:00","date_gmt":"2020-06-24T08:00:00","guid":{"rendered":"https:\/\/elsenatus.es\/?p=851"},"modified":"2020-06-23T23:36:14","modified_gmt":"2020-06-23T21:36:14","slug":"la-hermandad-de-san-juan-celebra-hoy-su-funcion-principal-a-las-2030h","status":"publish","type":"post","link":"https:\/\/elsenatus.es\/?p=851","title":{"rendered":"La Hermandad de San Juan celebra hoy su Funci\u00f3n Principal a las 20:30h"},"content":{"rendered":"\n<p>La <strong>Hermandad Sacramental de San Juan Bautista<\/strong> celebra estos d\u00edas sus cultos al Santo Patr\u00f3n de la localidad. En la jornada de ayer v\u00edsperas, las puertas del dintel de la <strong>Iglesia Mayor<\/strong> se abrieron para poder contemplar el altar ef\u00edmero de veneraci\u00f3n a la imagen de <strong>San Juan<\/strong>.<\/p>\n\n\n\n<p>Un d\u00eda de v\u00edsperas bastante at\u00edpico debido a esta nueva normalidad donde las mascarillas son la tendencia actual debido a esta crisis sanitaria del <strong>Covid19<\/strong> que estamos padeciendo.<\/p>\n\n\n\n<p>\u00abHan sido unos cultos especiales en el que se le han echado muchas ganas, ya que San Juan no puede salir este a\u00f1o que al menos los cultos sean fruct\u00edferos y podamos disfrutarlo de otra manera\u00bb, eran las palabras del secretario de la propia Hermandad, <strong>Antonio Pacheco<\/strong> que atend\u00eda a este medio en la ma\u00f1ana de ayer.<\/p>\n\n\n\n<p>Unos cultos que llegan a su culminaci\u00f3n con la <strong>Solemne Funci\u00f3n Principal al Santo Patr\u00f3n a las 20:30 horas<\/strong> de la tarde en la<strong> Iglesia Mayor<\/strong> donde est\u00e1n invitadas todas las <strong>Hermandades y Cofrad\u00edas <\/strong>de la ciudad as\u00ed como tambi\u00e9n la propia <strong>corporaci\u00f3n municipal<\/strong>.<\/p>\n","protected":false},"excerpt":{"rendered":"<p>La Hermandad Sacramental de San Juan Bautista celebra estos d\u00edas sus cultos al Santo Patr\u00f3n de la localidad. En la jornada de ayer v\u00edsperas, las<\/p>\n","protected":false},"author":1,"featured_media":852,"comment_status":"open","ping_status":"open","sticky":false,"template":"","format":"standard","meta":{"jetpack_post_was_ever_published":false,"_jetpack_newsletter_access":"","_jetpack_dont_email_post_to_subs":false,"_jetpack_newsletter_tier_id":0,"_jetpack_memberships_contains_paywalled_content":false,"_jetpack_memberships_contains_paid_content":false,"footnotes":"","jetpack_publicize_message":"La Hermandad de San Juan celebra hoy su Funci\u00f3n Principal a las 20:30h como culminaci\u00f3n de sus cultos","jetpack_publicize_feature_enabled":true,"jetpack_social_post_already_shared":true,"jetpack_social_options":{"image_generator_settings":{"template":"highway","enabled":false},"version":2}},"categories":[53,27],"tags":[44],"class_list":["post-851","post","type-post","status-publish","format-standard","has-post-thumbnail","hentry","category-actualidad","category-glorias","tag-san-juan"],"jetpack_publicize_connections":[],"jetpack_featured_media_url":"https:\/\/elsenatus.es\/wp-content\/uploads\/2020\/06\/P1023149-scaled.jpg","jetpack_sharing_enabled":true,"jetpack_likes_enabled":true,"_links":{"self":[{"href":"https:\/\/elsenatus.es\/index.php?rest_route=\/wp\/v2\/posts\/851"}],"collection":[{"href":"https:\/\/elsenatus.es\/index.php?rest_route=\/wp\/v2\/posts"}],"about":[{"href":"https:\/\/elsenatus.es\/index.php?rest_route=\/wp\/v2\/types\/post"}],"author":[{"embeddable":true,"href":"https:\/\/elsenatus.es\/index.php?rest_route=\/wp\/v2\/users\/1"}],"replies":[{"embeddable":true,"href":"https:\/\/elsenatus.es\/index.php?rest_route=%2Fwp%2Fv2%2Fcomments&post=851"}],"version-history":[{"count":1,"href":"https:\/\/elsenatus.es\/index.php?rest_route=\/wp\/v2\/posts\/851\/revisions"}],"predecessor-version":[{"id":853,"href":"https:\/\/elsenatus.es\/index.php?rest_route=\/wp\/v2\/posts\/851\/revisions\/853"}],"wp:featuredmedia":[{"embeddable":true,"href":"https:\/\/elsenatus.es\/index.php?rest_route=\/wp\/v2\/media\/852"}],"wp:attachment":[{"href":"https:\/\/elsenatus.es\/index.php?rest_route=%2Fwp%2Fv2%2Fmedia&parent=851"}],"wp:term":[{"taxonomy":"category","embeddable":true,"href":"https:\/\/elsenatus.es\/index.php?rest_route=%2Fwp%2Fv2%2Fcategories&post=851"},{"taxonomy":"post_tag","embeddable":true,"href":"https:\/\/elsenatus.es\/index.php?rest_route=%2Fwp%2Fv2%2Ftags&post=851"}],"curies":[{"name":"wp","href":"https:\/\/api.w.org\/{rel}","templated":true}]}}