{"id":5622,"date":"2024-08-24T00:43:47","date_gmt":"2024-08-23T22:43:47","guid":{"rendered":"https:\/\/elsenatus.es\/?p=5622"},"modified":"2024-08-24T00:43:49","modified_gmt":"2024-08-23T22:43:49","slug":"presentado-el-cartel-anunciador-de-los-remedios-2024","status":"publish","type":"post","link":"https:\/\/elsenatus.es\/?p=5622","title":{"rendered":"Presentado el cartel anunciador de los Remedios 2024"},"content":{"rendered":"\n<p>En la tarde de ayer se presentaba en la Iglesia de San Telmo el cartel anunciador de Ntra. Sra. de los Remedios 2024 obra de Jaime S\u00e1nchez.<\/p>\n\n\n\n<p>Qui\u00e9n realizara tambi\u00e9n este a\u00f1o el cartel de las Glorias 2024 ha sido tambi\u00e9n el encargado de anunciar las fiestas de nuestra patrona. El propio autor en sus redes sociales describe as\u00ed esta obra:<\/p>\n\n\n\n<p>\u00abEsta obra gr\u00e1fica busca el equilibrio entre la realidad, lo idealizado, lo futuro y lo pasado, sin dejar la oportunidad de plasmar elementos reducidos a la m\u00ednima expresi\u00f3n, pero que maximizan el significado de la obra.<\/p>\n\n\n\n<p>Los atributos de orfebrer\u00eda se representan de forma plana y en monocrom\u00e1tico para captar la atenci\u00f3n del p\u00fablico y representar el reflejo del metal como el color mas puro y celestial, el blanco, el cual, deslumbra y emite luz cegadora.<\/p>\n\n\n<div class=\"wp-block-image\">\n<figure class=\"aligncenter size-large\"><img loading=\"lazy\" decoding=\"async\" width=\"573\" height=\"1024\" src=\"https:\/\/elsenatus.es\/wp-content\/uploads\/2024\/08\/Captura-de-Pantalla-2024-08-24-a-las-0.41.24-573x1024.png\" alt=\"\" class=\"wp-image-5623\" srcset=\"https:\/\/elsenatus.es\/wp-content\/uploads\/2024\/08\/Captura-de-Pantalla-2024-08-24-a-las-0.41.24-573x1024.png 573w, https:\/\/elsenatus.es\/wp-content\/uploads\/2024\/08\/Captura-de-Pantalla-2024-08-24-a-las-0.41.24-168x300.png 168w, https:\/\/elsenatus.es\/wp-content\/uploads\/2024\/08\/Captura-de-Pantalla-2024-08-24-a-las-0.41.24-768x1373.png 768w, https:\/\/elsenatus.es\/wp-content\/uploads\/2024\/08\/Captura-de-Pantalla-2024-08-24-a-las-0.41.24-859x1536.png 859w, https:\/\/elsenatus.es\/wp-content\/uploads\/2024\/08\/Captura-de-Pantalla-2024-08-24-a-las-0.41.24.png 1062w\" sizes=\"(max-width: 573px) 100vw, 573px\" \/><\/figure><\/div>\n\n\n<p>He tenido en cuenta representarla como en los grabados de anta\u00f1o, como en el imaginario de los mas mayores de Chiclana, d\u00e1ndole protagonismo a los nardos tan caracter\u00edsticos de la Patrona.<\/p>\n\n\n\n<p>En cuanto al fondo, es sencillo con detalles de nardos lineales y mariposas, utilizando el azul corporativo como fondo para destacar a la Patrona y darle todo el protagonismo en la obra.\u00bb<\/p>\n\n\n\n<p>El cartel fue presentado por el cofrade Antonio Peralta, en dicha presentaci\u00f3n estuvo presente los hermanos de la Hermandad, cofrades, corporaci\u00f3n municipal y feligreses.<\/p>\n","protected":false},"excerpt":{"rendered":"<p>En la tarde de ayer se presentaba en la Iglesia de San Telmo el cartel anunciador de Ntra. Sra. de los Remedios 2024 obra de<\/p>\n","protected":false},"author":1,"featured_media":5624,"comment_status":"open","ping_status":"open","sticky":false,"template":"","format":"standard","meta":{"jetpack_post_was_ever_published":false,"_jetpack_newsletter_access":"","_jetpack_dont_email_post_to_subs":false,"_jetpack_newsletter_tier_id":0,"_jetpack_memberships_contains_paywalled_content":false,"_jetpack_memberships_contains_paid_content":false,"footnotes":"","jetpack_publicize_message":"","jetpack_publicize_feature_enabled":true,"jetpack_social_post_already_shared":true,"jetpack_social_options":{"image_generator_settings":{"template":"highway","enabled":false},"version":2}},"categories":[53,27],"tags":[47],"class_list":["post-5622","post","type-post","status-publish","format-standard","has-post-thumbnail","hentry","category-actualidad","category-glorias","tag-remedios"],"jetpack_publicize_connections":[],"jetpack_featured_media_url":"https:\/\/elsenatus.es\/wp-content\/uploads\/2024\/08\/Captura-de-Pantalla-2024-08-24-a-las-0.42.50.png","jetpack_sharing_enabled":true,"jetpack_likes_enabled":true,"_links":{"self":[{"href":"https:\/\/elsenatus.es\/index.php?rest_route=\/wp\/v2\/posts\/5622"}],"collection":[{"href":"https:\/\/elsenatus.es\/index.php?rest_route=\/wp\/v2\/posts"}],"about":[{"href":"https:\/\/elsenatus.es\/index.php?rest_route=\/wp\/v2\/types\/post"}],"author":[{"embeddable":true,"href":"https:\/\/elsenatus.es\/index.php?rest_route=\/wp\/v2\/users\/1"}],"replies":[{"embeddable":true,"href":"https:\/\/elsenatus.es\/index.php?rest_route=%2Fwp%2Fv2%2Fcomments&post=5622"}],"version-history":[{"count":1,"href":"https:\/\/elsenatus.es\/index.php?rest_route=\/wp\/v2\/posts\/5622\/revisions"}],"predecessor-version":[{"id":5625,"href":"https:\/\/elsenatus.es\/index.php?rest_route=\/wp\/v2\/posts\/5622\/revisions\/5625"}],"wp:featuredmedia":[{"embeddable":true,"href":"https:\/\/elsenatus.es\/index.php?rest_route=\/wp\/v2\/media\/5624"}],"wp:attachment":[{"href":"https:\/\/elsenatus.es\/index.php?rest_route=%2Fwp%2Fv2%2Fmedia&parent=5622"}],"wp:term":[{"taxonomy":"category","embeddable":true,"href":"https:\/\/elsenatus.es\/index.php?rest_route=%2Fwp%2Fv2%2Fcategories&post=5622"},{"taxonomy":"post_tag","embeddable":true,"href":"https:\/\/elsenatus.es\/index.php?rest_route=%2Fwp%2Fv2%2Ftags&post=5622"}],"curies":[{"name":"wp","href":"https:\/\/api.w.org\/{rel}","templated":true}]}}