{"id":5602,"date":"2024-08-21T19:03:33","date_gmt":"2024-08-21T17:03:33","guid":{"rendered":"https:\/\/elsenatus.es\/?p=5602"},"modified":"2024-08-21T19:03:35","modified_gmt":"2024-08-21T17:03:35","slug":"la-hermandad-del-patron-celebra-este-29-de-agosto-el-martirio-de-san-juan-bautista","status":"publish","type":"post","link":"https:\/\/elsenatus.es\/?p=5602","title":{"rendered":"La Hermandad del Patr\u00f3n celebra este 29 de agosto el martirio de San Juan Bautista"},"content":{"rendered":"\n<p>La Hermandad Sacramental de San Juan Bautista, celebrar\u00e1 el pr\u00f3ximo 29 de agosto su solemnidad con motivo del Martirio de San Juan Bautista.<\/p>\n\n\n\n<p>La eucarist\u00eda se celebrar\u00e1 en la Iglesia Mayor a partir de las 20:30h.<\/p>\n\n\n<div class=\"wp-block-image\">\n<figure class=\"aligncenter size-large\"><img loading=\"lazy\" decoding=\"async\" width=\"724\" height=\"1024\" src=\"https:\/\/elsenatus.es\/wp-content\/uploads\/2024\/08\/456251870_1230949438294251_6345105021054171479_n-724x1024.jpg\" alt=\"\" class=\"wp-image-5603\" srcset=\"https:\/\/elsenatus.es\/wp-content\/uploads\/2024\/08\/456251870_1230949438294251_6345105021054171479_n-724x1024.jpg 724w, https:\/\/elsenatus.es\/wp-content\/uploads\/2024\/08\/456251870_1230949438294251_6345105021054171479_n-212x300.jpg 212w, https:\/\/elsenatus.es\/wp-content\/uploads\/2024\/08\/456251870_1230949438294251_6345105021054171479_n-768x1086.jpg 768w, https:\/\/elsenatus.es\/wp-content\/uploads\/2024\/08\/456251870_1230949438294251_6345105021054171479_n-1086x1536.jpg 1086w, https:\/\/elsenatus.es\/wp-content\/uploads\/2024\/08\/456251870_1230949438294251_6345105021054171479_n.jpg 1414w\" sizes=\"(max-width: 724px) 100vw, 724px\" \/><\/figure><\/div>","protected":false},"excerpt":{"rendered":"<p>La Hermandad Sacramental de San Juan Bautista, celebrar\u00e1 el pr\u00f3ximo 29 de agosto su solemnidad con motivo del Martirio de San Juan Bautista. La eucarist\u00eda<\/p>\n","protected":false},"author":1,"featured_media":1154,"comment_status":"open","ping_status":"open","sticky":false,"template":"","format":"standard","meta":{"jetpack_post_was_ever_published":false,"_jetpack_newsletter_access":"","_jetpack_dont_email_post_to_subs":false,"_jetpack_newsletter_tier_id":0,"_jetpack_memberships_contains_paywalled_content":false,"_jetpack_memberships_contains_paid_content":false,"footnotes":"","jetpack_publicize_message":"","jetpack_publicize_feature_enabled":true,"jetpack_social_post_already_shared":true,"jetpack_social_options":{"image_generator_settings":{"template":"highway","enabled":false},"version":2}},"categories":[53,27],"tags":[44],"class_list":["post-5602","post","type-post","status-publish","format-standard","has-post-thumbnail","hentry","category-actualidad","category-glorias","tag-san-juan"],"jetpack_publicize_connections":[],"jetpack_featured_media_url":"https:\/\/elsenatus.es\/wp-content\/uploads\/2020\/08\/maritiosanjuanchiclana.jpg","jetpack_sharing_enabled":true,"jetpack_likes_enabled":true,"_links":{"self":[{"href":"https:\/\/elsenatus.es\/index.php?rest_route=\/wp\/v2\/posts\/5602"}],"collection":[{"href":"https:\/\/elsenatus.es\/index.php?rest_route=\/wp\/v2\/posts"}],"about":[{"href":"https:\/\/elsenatus.es\/index.php?rest_route=\/wp\/v2\/types\/post"}],"author":[{"embeddable":true,"href":"https:\/\/elsenatus.es\/index.php?rest_route=\/wp\/v2\/users\/1"}],"replies":[{"embeddable":true,"href":"https:\/\/elsenatus.es\/index.php?rest_route=%2Fwp%2Fv2%2Fcomments&post=5602"}],"version-history":[{"count":1,"href":"https:\/\/elsenatus.es\/index.php?rest_route=\/wp\/v2\/posts\/5602\/revisions"}],"predecessor-version":[{"id":5604,"href":"https:\/\/elsenatus.es\/index.php?rest_route=\/wp\/v2\/posts\/5602\/revisions\/5604"}],"wp:featuredmedia":[{"embeddable":true,"href":"https:\/\/elsenatus.es\/index.php?rest_route=\/wp\/v2\/media\/1154"}],"wp:attachment":[{"href":"https:\/\/elsenatus.es\/index.php?rest_route=%2Fwp%2Fv2%2Fmedia&parent=5602"}],"wp:term":[{"taxonomy":"category","embeddable":true,"href":"https:\/\/elsenatus.es\/index.php?rest_route=%2Fwp%2Fv2%2Fcategories&post=5602"},{"taxonomy":"post_tag","embeddable":true,"href":"https:\/\/elsenatus.es\/index.php?rest_route=%2Fwp%2Fv2%2Ftags&post=5602"}],"curies":[{"name":"wp","href":"https:\/\/api.w.org\/{rel}","templated":true}]}}