{"id":553,"date":"2020-04-26T08:36:45","date_gmt":"2020-04-26T06:36:45","guid":{"rendered":"https:\/\/elsenatus.es\/?p=553"},"modified":"2020-05-26T08:27:21","modified_gmt":"2020-05-26T06:27:21","slug":"las-hermandades-de-glorias-afectadas-tambien-por-el-covid-19","status":"publish","type":"post","link":"https:\/\/elsenatus.es\/?p=553","title":{"rendered":"Las Glorias afectadas tambi\u00e9n por el Covid-19"},"content":{"rendered":"\n<p>Varios d\u00edas m\u00e1s tarde del anuncio por parte del Consejo Local de Hermandades y Cofrad\u00edas de Chiclana de la suspensi\u00f3n de los desfiles procesionales de la <strong>Semana Santa 2020<\/strong> debido a la crisis sanitaria, la corporaci\u00f3n local comunic\u00f3 tambi\u00e9n la suspensi\u00f3n del preg\u00f3n y presentaci\u00f3n del cartel de las <strong>Glorias de Chiclana 2020.<\/strong><\/p>\n\n\n\n<p>La primera en tomar una decisi\u00f3n en toda la geograf\u00eda andaluza fue la <strong>Hermandad Matriz del Roc\u00edo de Almonte<\/strong> suspendiendo as\u00ed la tradicional romer\u00eda que estaba prevista para el d\u00eda 29 y 1 de junio del 2020 debido a la pandemia del coronavirus. La <strong>Hermandad del Roc\u00edo de Chiclana<\/strong> que ten\u00eda previsto su Triduo a finales de abril, a trav\u00e9s de sus redes sociales realizaba la Santa Misa y el Rezo de la Salve todas las tardes a las 20:30h.<\/p>\n\n\n\n<p>Las salidas procesionales as\u00ed como el resto de actos de<strong> Santa Rita<\/strong> y <strong>Mar\u00eda Auxiliadora<\/strong> tambi\u00e9n se vieron afectadas decidiendo suspender tambi\u00e9n todos los actos previstos para el mes de Mayo. A mediados de ese mismo mes la <strong>Comisi\u00f3n de Santa Ana<\/strong> junto con el p\u00e1rroco de San Juan Bautista anuncian la suspensi\u00f3n de la salida procesional de Santa Ana prevista para el pr\u00f3ximo 26 de julio.<\/p>\n\n\n\n<p>En nuestra ciudad, tras la suspensi\u00f3n definitiva de la <strong>Feria de Chiclana<\/strong> en este 2020, los ojos estaban puestos en la <strong>Hermandad Sacramental de San Juan Bautista<\/strong> que celebraba sus cultos a finales del mes de junio y en la Festividad del Corpus Christi. Fue la propia Hermandad a mediadios del mes mayo cuando a trav\u00e9s de sus redes sociales en un comunicado oficial informaba de la suspensi\u00f3n de su salida procesional el 24 de junio, sin embargo si podr\u00eda celebrarse presencialmente seg\u00fan las medidas de seguridad tanto el Triduo Eucarist\u00edco as\u00ed como el del propio <strong>Santo Patr\u00f3n de Chiclana<\/strong>.<\/p>\n","protected":false},"excerpt":{"rendered":"<p>Varios d\u00edas m\u00e1s tarde del anuncio por parte del Consejo Local de Hermandades y Cofrad\u00edas de Chiclana de la suspensi\u00f3n de los desfiles procesionales de<\/p>\n","protected":false},"author":1,"featured_media":554,"comment_status":"open","ping_status":"open","sticky":false,"template":"","format":"standard","meta":{"jetpack_post_was_ever_published":false,"_jetpack_newsletter_access":"","_jetpack_dont_email_post_to_subs":false,"_jetpack_newsletter_tier_id":0,"_jetpack_memberships_contains_paywalled_content":false,"_jetpack_memberships_contains_paid_content":false,"footnotes":"","jetpack_publicize_message":"Las Hermandades de Glorias afectadas tambi\u00e9n por el Covid-19 en toda Andaluc\u00eda","jetpack_publicize_feature_enabled":true,"jetpack_social_post_already_shared":true,"jetpack_social_options":{"image_generator_settings":{"template":"highway","enabled":false},"version":2}},"categories":[53,27],"tags":[],"class_list":["post-553","post","type-post","status-publish","format-standard","has-post-thumbnail","hentry","category-actualidad","category-glorias"],"jetpack_publicize_connections":[],"jetpack_featured_media_url":"https:\/\/elsenatus.es\/wp-content\/uploads\/2020\/04\/Captura-de-pantalla-2020-04-26-a-las-8.32.17.png","jetpack_sharing_enabled":true,"jetpack_likes_enabled":true,"_links":{"self":[{"href":"https:\/\/elsenatus.es\/index.php?rest_route=\/wp\/v2\/posts\/553"}],"collection":[{"href":"https:\/\/elsenatus.es\/index.php?rest_route=\/wp\/v2\/posts"}],"about":[{"href":"https:\/\/elsenatus.es\/index.php?rest_route=\/wp\/v2\/types\/post"}],"author":[{"embeddable":true,"href":"https:\/\/elsenatus.es\/index.php?rest_route=\/wp\/v2\/users\/1"}],"replies":[{"embeddable":true,"href":"https:\/\/elsenatus.es\/index.php?rest_route=%2Fwp%2Fv2%2Fcomments&post=553"}],"version-history":[{"count":4,"href":"https:\/\/elsenatus.es\/index.php?rest_route=\/wp\/v2\/posts\/553\/revisions"}],"predecessor-version":[{"id":708,"href":"https:\/\/elsenatus.es\/index.php?rest_route=\/wp\/v2\/posts\/553\/revisions\/708"}],"wp:featuredmedia":[{"embeddable":true,"href":"https:\/\/elsenatus.es\/index.php?rest_route=\/wp\/v2\/media\/554"}],"wp:attachment":[{"href":"https:\/\/elsenatus.es\/index.php?rest_route=%2Fwp%2Fv2%2Fmedia&parent=553"}],"wp:term":[{"taxonomy":"category","embeddable":true,"href":"https:\/\/elsenatus.es\/index.php?rest_route=%2Fwp%2Fv2%2Fcategories&post=553"},{"taxonomy":"post_tag","embeddable":true,"href":"https:\/\/elsenatus.es\/index.php?rest_route=%2Fwp%2Fv2%2Ftags&post=553"}],"curies":[{"name":"wp","href":"https:\/\/api.w.org\/{rel}","templated":true}]}}