{"id":5491,"date":"2024-03-18T14:36:17","date_gmt":"2024-03-18T13:36:17","guid":{"rendered":"https:\/\/elsenatus.es\/?p=5491"},"modified":"2024-03-18T14:36:18","modified_gmt":"2024-03-18T13:36:18","slug":"un-pregonero-entregado-a-la-chiclana-cofrade","status":"publish","type":"post","link":"https:\/\/elsenatus.es\/?p=5491","title":{"rendered":"Un pregonero entregado a la Chiclana cofrade"},"content":{"rendered":"\n<p>Como cada a\u00f1o, de nuevo en un Domingo de Pasi\u00f3n se abrieron las puertas de la gloria en el Moderno de Chiclana. A las 12:00h de la ma\u00f1ana daba comienzo el preg\u00f3n de la Semana Santa de Chiclana 2024.<\/p>\n\n\n\n<p>El teatro repleto de p\u00fablico acud\u00eda a la disertaci\u00f3n de un pregonero que se ha volcado totalmente con cada una de las hermandades, instituciones y colectivos cofrades de la ciudad. Su participaci\u00f3n en cada acto es indiscutible, y no s\u00f3lo en los cultos internos y externos de las distintas hermandades si no tambi\u00e9n en presentaciones de carteles, v\u00eddeos, conciertos, homenajes&#8230; podr\u00edamos decir que nuestro pregonero ha sido un \u00abjartible cofrade\u00bb en estos meses como el bien defend\u00eda en unas magistrales l\u00edneas de su preg\u00f3n, pidiendo incluso las Holy Cards de la Bah\u00eda que provoc\u00f3 las risas del respetable.<\/p>\n\n\n\n<p>Jose Mar\u00eda Prieto Pastor, comenzaba su preg\u00f3n emocionado con unas bell\u00edsimas palabras dedicadas a la ausencia de dos pilares de su vida: sus padres. Un inicio que nos hizo presagiar lo que ibamos a vivir con su preg\u00f3n, una disertaci\u00f3n muy musical con el acompa\u00f1amiento constante de un tr\u00edo musical compuesto por piano, viol\u00edn y flauta. Por supuesto tambi\u00e9n se cont\u00f3 con la ya tradicional participaci\u00f3n de la Banda de M\u00fasica Maestro Enrique Montero de la ciudad que comenzaba la jornada interpretando la marcha \u00abSole\u00e1, Dame la Mano\u00bb seleccionada por el propio pregonero.<\/p>\n\n\n\n<figure class=\"wp-block-image size-large\"><img loading=\"lazy\" decoding=\"async\" width=\"1024\" height=\"617\" src=\"https:\/\/elsenatus.es\/wp-content\/uploads\/2024\/03\/Captura-de-Pantalla-2024-03-18-a-las-14.30.41-1024x617.png\" alt=\"\" class=\"wp-image-5492\" srcset=\"https:\/\/elsenatus.es\/wp-content\/uploads\/2024\/03\/Captura-de-Pantalla-2024-03-18-a-las-14.30.41-1024x617.png 1024w, https:\/\/elsenatus.es\/wp-content\/uploads\/2024\/03\/Captura-de-Pantalla-2024-03-18-a-las-14.30.41-300x181.png 300w, https:\/\/elsenatus.es\/wp-content\/uploads\/2024\/03\/Captura-de-Pantalla-2024-03-18-a-las-14.30.41-768x463.png 768w, https:\/\/elsenatus.es\/wp-content\/uploads\/2024\/03\/Captura-de-Pantalla-2024-03-18-a-las-14.30.41-1536x925.png 1536w, https:\/\/elsenatus.es\/wp-content\/uploads\/2024\/03\/Captura-de-Pantalla-2024-03-18-a-las-14.30.41-2048x1234.png 2048w\" sizes=\"(max-width: 1024px) 100vw, 1024px\" \/><\/figure>\n\n\n\n<p>Uno de los grandes momentos del preg\u00f3n (esos que ponen los bellos de punta), fu\u00e9 en el ecuador del mismo con la oraci\u00f3n Anima Christi reformulada con todas las advocaciones de nuestra Semana Santa. El escenario en penumbra y el pregonero tras bambalinas, tan s\u00f3lo iluminada la antigua cruz del Nazareno y tras la resurrecci\u00f3n, la gloria con la marcha \u00abEsperanza de Triana Coronada\u00bb, sin duda el momento TOP del preg\u00f3n que causo sensaci\u00f3n en el p\u00fablico plasmado en un intenso y largo aplauso.<\/p>\n\n\n\n<p>La voz del pregonero, que tuvo que acudir a su vaso de agua en varias ocasiones, es el fiel reflejo de que Jose Mar\u00eda se ha dejado la piel, el alma y la vida en este su primer preg\u00f3n que a buen seguro no ser\u00e1 el \u00faltimo. Nuestro pregonero ha cuidado cada detalle con mimo y eso se plasm\u00f3 en cada l\u00ednea de su preg\u00f3n. Algunas cosas no se ven pero para eso nosotros estamos aqu\u00ed puesto que Jose Mar\u00eda momentos previos al preg\u00f3n, env\u00edo a los medios de comunicaci\u00f3n para facilitar su trabajo, el minutaje, nombre de marchas que se iban a interpretar, temas que se tocar\u00edan en el preg\u00f3n&#8230; con todo lujo de detalles, sin duda una muestra de la preparaci\u00f3n de este preg\u00f3n de la Semana Santa.<\/p>\n\n\n\n<p>Jose Mar\u00eda utiliz\u00f3 todas sus herramientas para hacer un preg\u00f3n a la altura de nuestra Semana Mayor, un atril que cada vez \u00abse pone m\u00e1s caro\u00bb para ser merecedor del mismo. El preg\u00f3n de esta Semana Santa 2024 seguro que ser\u00e1 uno de los pregones recordados, de esos que siempre uno enumerar\u00e1 en su lista de pregones favoritos.<\/p>\n\n\n\n<p>Jose Mar\u00eda Prieto Pastor ha demostrado sin florituras que con dedicaci\u00f3n, entrega y conocimiento se puede hacer un grand\u00edsimo preg\u00f3n.<\/p>\n","protected":false},"excerpt":{"rendered":"<p>Como cada a\u00f1o, de nuevo en un Domingo de Pasi\u00f3n se abrieron las puertas de la gloria en el Moderno de Chiclana. A las 12:00h<\/p>\n","protected":false},"author":1,"featured_media":5493,"comment_status":"open","ping_status":"open","sticky":false,"template":"","format":"standard","meta":{"jetpack_post_was_ever_published":false,"_jetpack_newsletter_access":"","_jetpack_dont_email_post_to_subs":false,"_jetpack_newsletter_tier_id":0,"_jetpack_memberships_contains_paywalled_content":false,"_jetpack_memberships_contains_paid_content":false,"footnotes":"","jetpack_publicize_message":"","jetpack_publicize_feature_enabled":true,"jetpack_social_post_already_shared":true,"jetpack_social_options":{"image_generator_settings":{"template":"highway","enabled":false},"version":2}},"categories":[26,25],"tags":[],"class_list":["post-5491","post","type-post","status-publish","format-standard","has-post-thumbnail","hentry","category-penitencia","category-portada"],"jetpack_publicize_connections":[],"jetpack_featured_media_url":"https:\/\/elsenatus.es\/wp-content\/uploads\/2024\/03\/Captura-de-Pantalla-2024-03-18-a-las-14.30.26.png","jetpack_sharing_enabled":true,"jetpack_likes_enabled":true,"_links":{"self":[{"href":"https:\/\/elsenatus.es\/index.php?rest_route=\/wp\/v2\/posts\/5491"}],"collection":[{"href":"https:\/\/elsenatus.es\/index.php?rest_route=\/wp\/v2\/posts"}],"about":[{"href":"https:\/\/elsenatus.es\/index.php?rest_route=\/wp\/v2\/types\/post"}],"author":[{"embeddable":true,"href":"https:\/\/elsenatus.es\/index.php?rest_route=\/wp\/v2\/users\/1"}],"replies":[{"embeddable":true,"href":"https:\/\/elsenatus.es\/index.php?rest_route=%2Fwp%2Fv2%2Fcomments&post=5491"}],"version-history":[{"count":1,"href":"https:\/\/elsenatus.es\/index.php?rest_route=\/wp\/v2\/posts\/5491\/revisions"}],"predecessor-version":[{"id":5494,"href":"https:\/\/elsenatus.es\/index.php?rest_route=\/wp\/v2\/posts\/5491\/revisions\/5494"}],"wp:featuredmedia":[{"embeddable":true,"href":"https:\/\/elsenatus.es\/index.php?rest_route=\/wp\/v2\/media\/5493"}],"wp:attachment":[{"href":"https:\/\/elsenatus.es\/index.php?rest_route=%2Fwp%2Fv2%2Fmedia&parent=5491"}],"wp:term":[{"taxonomy":"category","embeddable":true,"href":"https:\/\/elsenatus.es\/index.php?rest_route=%2Fwp%2Fv2%2Fcategories&post=5491"},{"taxonomy":"post_tag","embeddable":true,"href":"https:\/\/elsenatus.es\/index.php?rest_route=%2Fwp%2Fv2%2Ftags&post=5491"}],"curies":[{"name":"wp","href":"https:\/\/api.w.org\/{rel}","templated":true}]}}