{"id":5471,"date":"2024-02-29T15:13:06","date_gmt":"2024-02-29T14:13:06","guid":{"rendered":"https:\/\/elsenatus.es\/?p=5471"},"modified":"2024-02-29T15:13:07","modified_gmt":"2024-02-29T14:13:07","slug":"mirian-peralta-sera-la-voz-del-spot-de-la-semana-santa-de-chiclana-2024","status":"publish","type":"post","link":"https:\/\/elsenatus.es\/?p=5471","title":{"rendered":"Mirian Peralta ser\u00e1 la voz del spot de la Semana Santa de Chiclana 2024"},"content":{"rendered":"\n<figure class=\"wp-block-image size-large\"><img loading=\"lazy\" decoding=\"async\" width=\"1024\" height=\"1024\" src=\"https:\/\/elsenatus.es\/wp-content\/uploads\/2024\/02\/presentacionvideosemanasanta-copia-1-1024x1024.jpg\" alt=\"\" class=\"wp-image-5474\" srcset=\"https:\/\/elsenatus.es\/wp-content\/uploads\/2024\/02\/presentacionvideosemanasanta-copia-1-1024x1024.jpg 1024w, https:\/\/elsenatus.es\/wp-content\/uploads\/2024\/02\/presentacionvideosemanasanta-copia-1-300x300.jpg 300w, https:\/\/elsenatus.es\/wp-content\/uploads\/2024\/02\/presentacionvideosemanasanta-copia-1-150x150.jpg 150w, https:\/\/elsenatus.es\/wp-content\/uploads\/2024\/02\/presentacionvideosemanasanta-copia-1-768x768.jpg 768w, https:\/\/elsenatus.es\/wp-content\/uploads\/2024\/02\/presentacionvideosemanasanta-copia-1.jpg 1080w\" sizes=\"(max-width: 1024px) 100vw, 1024px\" \/><\/figure>\n\n\n\n<p>Mirian Peralta ser\u00e1 la encargada este a\u00f1o de poner voz al anuncio de la Semana Santa de Chiclana 2024.<\/p>\n\n\n\n<p>Un spot que se presentar\u00e1 este viernes en el Museo del Vino y la Sal a partir de las 19:30h de la tarde.<\/p>\n\n\n\n<p><\/p>\n","protected":false},"excerpt":{"rendered":"<p>Mirian Peralta ser\u00e1 la encargada este a\u00f1o de poner voz al anuncio de la Semana Santa de Chiclana 2024. Un spot que se presentar\u00e1 este<\/p>\n","protected":false},"author":1,"featured_media":5472,"comment_status":"open","ping_status":"open","sticky":false,"template":"","format":"standard","meta":{"jetpack_post_was_ever_published":false,"_jetpack_newsletter_access":"","_jetpack_dont_email_post_to_subs":false,"_jetpack_newsletter_tier_id":0,"_jetpack_memberships_contains_paywalled_content":false,"_jetpack_memberships_contains_paid_content":false,"footnotes":"","jetpack_publicize_message":"","jetpack_publicize_feature_enabled":true,"jetpack_social_post_already_shared":true,"jetpack_social_options":{"image_generator_settings":{"template":"highway","enabled":false},"version":2}},"categories":[53,26],"tags":[],"class_list":["post-5471","post","type-post","status-publish","format-standard","has-post-thumbnail","hentry","category-actualidad","category-penitencia"],"jetpack_publicize_connections":[],"jetpack_featured_media_url":"https:\/\/elsenatus.es\/wp-content\/uploads\/2024\/02\/periodista-Onda-Cadiz-Mirian-Peralta_1325577775_94577765_667x375.jpg","jetpack_sharing_enabled":true,"jetpack_likes_enabled":true,"_links":{"self":[{"href":"https:\/\/elsenatus.es\/index.php?rest_route=\/wp\/v2\/posts\/5471"}],"collection":[{"href":"https:\/\/elsenatus.es\/index.php?rest_route=\/wp\/v2\/posts"}],"about":[{"href":"https:\/\/elsenatus.es\/index.php?rest_route=\/wp\/v2\/types\/post"}],"author":[{"embeddable":true,"href":"https:\/\/elsenatus.es\/index.php?rest_route=\/wp\/v2\/users\/1"}],"replies":[{"embeddable":true,"href":"https:\/\/elsenatus.es\/index.php?rest_route=%2Fwp%2Fv2%2Fcomments&post=5471"}],"version-history":[{"count":1,"href":"https:\/\/elsenatus.es\/index.php?rest_route=\/wp\/v2\/posts\/5471\/revisions"}],"predecessor-version":[{"id":5475,"href":"https:\/\/elsenatus.es\/index.php?rest_route=\/wp\/v2\/posts\/5471\/revisions\/5475"}],"wp:featuredmedia":[{"embeddable":true,"href":"https:\/\/elsenatus.es\/index.php?rest_route=\/wp\/v2\/media\/5472"}],"wp:attachment":[{"href":"https:\/\/elsenatus.es\/index.php?rest_route=%2Fwp%2Fv2%2Fmedia&parent=5471"}],"wp:term":[{"taxonomy":"category","embeddable":true,"href":"https:\/\/elsenatus.es\/index.php?rest_route=%2Fwp%2Fv2%2Fcategories&post=5471"},{"taxonomy":"post_tag","embeddable":true,"href":"https:\/\/elsenatus.es\/index.php?rest_route=%2Fwp%2Fv2%2Ftags&post=5471"}],"curies":[{"name":"wp","href":"https:\/\/api.w.org\/{rel}","templated":true}]}}