{"id":5323,"date":"2023-11-20T06:55:26","date_gmt":"2023-11-20T05:55:26","guid":{"rendered":"https:\/\/elsenatus.es\/?p=5323"},"modified":"2023-11-20T06:55:27","modified_gmt":"2023-11-20T05:55:27","slug":"especial-20-anos-despues-de-una-magna","status":"publish","type":"post","link":"https:\/\/elsenatus.es\/?p=5323","title":{"rendered":"#ESPECIAL, 20 A\u00f1os despu\u00e9s de una Magna"},"content":{"rendered":"\n<p>Documental entrevista con Nicol\u00e1s Arag\u00f3n sobre la que fu\u00e9 la primera procesi\u00f3n magna en Chiclana en el a\u00f1o 2003. Nicol\u00e1s fue presidente del consejo local de hermandades por aquel entonces, \u00e9l nos contar\u00e1 de primera mano como se vivi\u00f3 aquellos momentos hist\u00f3ricos para nuestra Semana Santa.<\/p>\n\n\n\n<figure class=\"wp-block-embed is-type-video is-provider-youtube wp-block-embed-youtube wp-embed-aspect-16-9 wp-has-aspect-ratio\"><div class=\"wp-block-embed__wrapper\">\n<iframe loading=\"lazy\" title=\"#ESPECIAL 20 AN\u0303OS DESPUE\u0301S DE UNA MAGNA (CHICLANA 2003)\" width=\"500\" height=\"281\" src=\"https:\/\/www.youtube.com\/embed\/wn1cxaDveDU?feature=oembed\" frameborder=\"0\" allow=\"accelerometer; autoplay; clipboard-write; encrypted-media; gyroscope; picture-in-picture; web-share\" referrerpolicy=\"strict-origin-when-cross-origin\" allowfullscreen><\/iframe>\n<\/div><\/figure>\n","protected":false},"excerpt":{"rendered":"<p>Documental entrevista con Nicol\u00e1s Arag\u00f3n sobre la que fu\u00e9 la primera procesi\u00f3n magna en Chiclana en el a\u00f1o 2003. Nicol\u00e1s fue presidente del consejo local<\/p>\n","protected":false},"author":1,"featured_media":5324,"comment_status":"open","ping_status":"open","sticky":false,"template":"","format":"standard","meta":{"jetpack_post_was_ever_published":false,"_jetpack_newsletter_access":"","_jetpack_dont_email_post_to_subs":false,"_jetpack_newsletter_tier_id":0,"_jetpack_memberships_contains_paywalled_content":false,"_jetpack_memberships_contains_paid_content":false,"footnotes":"","jetpack_publicize_message":"","jetpack_publicize_feature_enabled":true,"jetpack_social_post_already_shared":true,"jetpack_social_options":{"image_generator_settings":{"template":"highway","enabled":false},"version":2}},"categories":[62,26],"tags":[],"class_list":["post-5323","post","type-post","status-publish","format-standard","has-post-thumbnail","hentry","category-especiales","category-penitencia"],"jetpack_publicize_connections":[],"jetpack_featured_media_url":"https:\/\/elsenatus.es\/wp-content\/uploads\/2023\/11\/Captura-de-pantalla-2023-11-20-a-las-6.53.28.png","jetpack_sharing_enabled":true,"jetpack_likes_enabled":true,"_links":{"self":[{"href":"https:\/\/elsenatus.es\/index.php?rest_route=\/wp\/v2\/posts\/5323"}],"collection":[{"href":"https:\/\/elsenatus.es\/index.php?rest_route=\/wp\/v2\/posts"}],"about":[{"href":"https:\/\/elsenatus.es\/index.php?rest_route=\/wp\/v2\/types\/post"}],"author":[{"embeddable":true,"href":"https:\/\/elsenatus.es\/index.php?rest_route=\/wp\/v2\/users\/1"}],"replies":[{"embeddable":true,"href":"https:\/\/elsenatus.es\/index.php?rest_route=%2Fwp%2Fv2%2Fcomments&post=5323"}],"version-history":[{"count":1,"href":"https:\/\/elsenatus.es\/index.php?rest_route=\/wp\/v2\/posts\/5323\/revisions"}],"predecessor-version":[{"id":5325,"href":"https:\/\/elsenatus.es\/index.php?rest_route=\/wp\/v2\/posts\/5323\/revisions\/5325"}],"wp:featuredmedia":[{"embeddable":true,"href":"https:\/\/elsenatus.es\/index.php?rest_route=\/wp\/v2\/media\/5324"}],"wp:attachment":[{"href":"https:\/\/elsenatus.es\/index.php?rest_route=%2Fwp%2Fv2%2Fmedia&parent=5323"}],"wp:term":[{"taxonomy":"category","embeddable":true,"href":"https:\/\/elsenatus.es\/index.php?rest_route=%2Fwp%2Fv2%2Fcategories&post=5323"},{"taxonomy":"post_tag","embeddable":true,"href":"https:\/\/elsenatus.es\/index.php?rest_route=%2Fwp%2Fv2%2Ftags&post=5323"}],"curies":[{"name":"wp","href":"https:\/\/api.w.org\/{rel}","templated":true}]}}