{"id":4449,"date":"2022-10-18T21:58:05","date_gmt":"2022-10-18T19:58:05","guid":{"rendered":"https:\/\/elsenatus.es\/?p=4449"},"modified":"2022-10-18T21:58:06","modified_gmt":"2022-10-18T19:58:06","slug":"especial-san-antonio","status":"publish","type":"post","link":"https:\/\/elsenatus.es\/?p=4449","title":{"rendered":"#ESPECIAL San Antonio"},"content":{"rendered":"\n<p>Con el motivo del 25 aniversario fundacional de la Parroquia de San Antonio, la imagen del titular de la parroquia hom\u00f3nima sal\u00eda a la calle en procesi\u00f3n extroardinaria con el acompa\u00f1amiento musical de l BCT Vera Cruz de Utrera.<\/p>\n\n\n\n<figure class=\"wp-block-embed is-type-video is-provider-youtube wp-block-embed-youtube wp-embed-aspect-16-9 wp-has-aspect-ratio\"><div class=\"wp-block-embed__wrapper\">\n<iframe loading=\"lazy\" title=\"#ESPECIAL PROCESI\u00d3N EXTRAORDINARIA SAN ANTONIO CHICLANA 2022\" width=\"500\" height=\"281\" src=\"https:\/\/www.youtube.com\/embed\/0UAIXWGT3DI?start=1938&#038;feature=oembed\" frameborder=\"0\" allow=\"accelerometer; autoplay; clipboard-write; encrypted-media; gyroscope; picture-in-picture; web-share\" referrerpolicy=\"strict-origin-when-cross-origin\" allowfullscreen><\/iframe>\n<\/div><\/figure>\n","protected":false},"excerpt":{"rendered":"<p>Con el motivo del 25 aniversario fundacional de la Parroquia de San Antonio, la imagen del titular de la parroquia hom\u00f3nima sal\u00eda a la calle<\/p>\n","protected":false},"author":1,"featured_media":4450,"comment_status":"open","ping_status":"open","sticky":false,"template":"","format":"standard","meta":{"jetpack_post_was_ever_published":false,"_jetpack_newsletter_access":"","_jetpack_dont_email_post_to_subs":false,"_jetpack_newsletter_tier_id":0,"_jetpack_memberships_contains_paywalled_content":false,"_jetpack_memberships_contains_paid_content":false,"footnotes":"","jetpack_publicize_message":"","jetpack_publicize_feature_enabled":true,"jetpack_social_post_already_shared":true,"jetpack_social_options":{"image_generator_settings":{"template":"highway","enabled":false},"version":2}},"categories":[62],"tags":[],"class_list":["post-4449","post","type-post","status-publish","format-standard","has-post-thumbnail","hentry","category-especiales"],"jetpack_publicize_connections":[],"jetpack_featured_media_url":"https:\/\/elsenatus.es\/wp-content\/uploads\/2022\/10\/Captura-de-pantalla-2022-10-18-a-las-21.53.31.png","jetpack_sharing_enabled":true,"jetpack_likes_enabled":true,"_links":{"self":[{"href":"https:\/\/elsenatus.es\/index.php?rest_route=\/wp\/v2\/posts\/4449"}],"collection":[{"href":"https:\/\/elsenatus.es\/index.php?rest_route=\/wp\/v2\/posts"}],"about":[{"href":"https:\/\/elsenatus.es\/index.php?rest_route=\/wp\/v2\/types\/post"}],"author":[{"embeddable":true,"href":"https:\/\/elsenatus.es\/index.php?rest_route=\/wp\/v2\/users\/1"}],"replies":[{"embeddable":true,"href":"https:\/\/elsenatus.es\/index.php?rest_route=%2Fwp%2Fv2%2Fcomments&post=4449"}],"version-history":[{"count":2,"href":"https:\/\/elsenatus.es\/index.php?rest_route=\/wp\/v2\/posts\/4449\/revisions"}],"predecessor-version":[{"id":4452,"href":"https:\/\/elsenatus.es\/index.php?rest_route=\/wp\/v2\/posts\/4449\/revisions\/4452"}],"wp:featuredmedia":[{"embeddable":true,"href":"https:\/\/elsenatus.es\/index.php?rest_route=\/wp\/v2\/media\/4450"}],"wp:attachment":[{"href":"https:\/\/elsenatus.es\/index.php?rest_route=%2Fwp%2Fv2%2Fmedia&parent=4449"}],"wp:term":[{"taxonomy":"category","embeddable":true,"href":"https:\/\/elsenatus.es\/index.php?rest_route=%2Fwp%2Fv2%2Fcategories&post=4449"},{"taxonomy":"post_tag","embeddable":true,"href":"https:\/\/elsenatus.es\/index.php?rest_route=%2Fwp%2Fv2%2Ftags&post=4449"}],"curies":[{"name":"wp","href":"https:\/\/api.w.org\/{rel}","templated":true}]}}