{"id":2868,"date":"2021-08-24T08:30:00","date_gmt":"2021-08-24T06:30:00","guid":{"rendered":"https:\/\/elsenatus.es\/?p=2868"},"modified":"2021-08-24T07:31:59","modified_gmt":"2021-08-24T05:31:59","slug":"asi-es-la-programacion-de-la-festividad-de-ntra-sra-de-los-remedios-2021","status":"publish","type":"post","link":"https:\/\/elsenatus.es\/?p=2868","title":{"rendered":"As\u00ed es la programaci\u00f3n de la festividad de Ntra. Sra. de los Remedios 2021"},"content":{"rendered":"\n<p>El alcalde de Chiclana, Jos\u00e9 Mar\u00eda Rom\u00e1n; los delegados municipales de Fiestas y V\u00edas y Obras, Jos\u00e9 Alberto Cruz y M\u00aa \u00c1ngeles Mart\u00ednez Rico; el representante de la Hermandad de Nuestra Se\u00f1ora de los Remedios, Manuel Moreno; el representante de la Pe\u00f1a de Costaleros Nazarena; Andr\u00e9s Alc\u00e1ntara; y las representantes de la Plataforma Vive Chiclana, Ana Mota y Ana Ruiz, han presentado los actos que se desarrollar\u00e1n con motivo de la Patrona de la ciudad los pr\u00f3ximos d\u00edas 6, 7 y 8 de septiembre.<\/p>\n\n\n\n<p>As\u00ed pues, el d\u00eda 6 a las 12.00 horas se inaugurar\u00e1 en la Plaza de las Bodegas una exposici\u00f3n dedicada a la Patrona, a las 21.00 horas se desarrollar\u00e1 una conferencia a cargo del p\u00e1rroco David Guti\u00e9rrez, en la sede de la Pe\u00f1a de Costaleros Nazarena, que lleva por t\u00edtulo \u2018La Inmaculada Concepci\u00f3n de la Virgen\u2019.<\/p>\n\n\n\n<p>Adem\u00e1s, el d\u00eda 7 finalizar\u00e1 la novena que empezar\u00e1 el 30 de agosto, a las 19.30 horas cada d\u00eda. A las 20.00 horas del d\u00eda 7 se celebrar\u00e1 la solemne misa de imposici\u00f3n de veneras a los nuevos hermanos, mientras que a las 22.00 horas est\u00e1 prevista la pisa de la uva con la posterior actuaci\u00f3n de Ana Cristina Ben\u00edtez, Ra\u00fal Arag\u00f3n y Macarena Ram\u00edrez.<\/p>\n\n\n\n<p>Ya en la jornada del 8 de septiembre, festividad de la Virgen de los Remedios, el rosario de la Aurora dar\u00e1 comienzo a las 8.00 horas, desarroll\u00e1ndose en la iglesia de San Telmo. A las 12.00 horas est\u00e1 previsto que se inicie la ofrenda floral ante el mosaico de la Patrona y la funci\u00f3n principal se desarrollar\u00e1 a as 20.00 horas, puesto que en esta ocasi\u00f3n no habr\u00e1 procesi\u00f3n.<\/p>\n\n\n\n<p>Durante el acto, el alcalde ha destacado que \u201ctodos estos actos se desarrollar\u00e1n bajo todas las medidas de seguridad y seg\u00fan los protocolos que se establecen para este tipo de eventos. Todos esperamos que este sea el \u00faltimo a\u00f1o distinto. Se han modificado algunos de los actos y no habr\u00e1 procesi\u00f3n, pero si podremos disfrutar de la pisa de la uva, de la ofrenda floral y de misa principal\u201d. Tambi\u00e9n ha recordado que se aumentar\u00e1 la iluminaci\u00f3n extraordinaria con motivo de la Patrona, coloc\u00e1ndose luces en m\u00e1s calles de las habituales. \u201cUn espacio m\u00e1s agradable y est\u00e9tico, buscando la mejor promoci\u00f3n de la ciudad\u201d, ha se\u00f1alado, agradeciendo la implicaci\u00f3n de las personas y entidades que colaboran para que esta festividad salga adelante.<\/p>\n\n\n\n<figure class=\"wp-block-image size-large\"><img loading=\"lazy\" decoding=\"async\" width=\"678\" height=\"960\" src=\"https:\/\/elsenatus.es\/wp-content\/uploads\/2021\/08\/actospatrona2021.jpg\" alt=\"\" class=\"wp-image-2870\" srcset=\"https:\/\/elsenatus.es\/wp-content\/uploads\/2021\/08\/actospatrona2021.jpg 678w, https:\/\/elsenatus.es\/wp-content\/uploads\/2021\/08\/actospatrona2021-212x300.jpg 212w\" sizes=\"(max-width: 678px) 100vw, 678px\" \/><figcaption>Programaci\u00f3n patrona 2021.<\/figcaption><\/figure>\n\n\n\n<p>Por su parte, Manuel Moreno ha reiterado el apoyo de todas las personas para esta celebraci\u00f3n, deseando que sea el \u00faltimo a\u00f1o en el que no se celebran estos actos con la normalidad de siempre, \u201caunque tenemos eventos que no se pudieron celebrar el pasado a\u00f1o\u201d. \u201cTodos estos actos se desarrollar\u00e1n bajo las normas que establecen las autoridades y confiamos en que todas las personas usen el sentido com\u00fan y tengamos una buena celebraci\u00f3n\u201d, ha destacado.<\/p>\n\n\n\n<p>Adem\u00e1s, Ana Mota ha explicado que los establecimientos hosteleros del centro de la ciudad han creado una ruta de la tapa con motivo de esta festividad. \u201cLo que queremos es que las personas disfruten de la gastronom\u00eda y confiamos en que tanto los vecinos y vecinas de Chiclana como los que nos visiten en esos d\u00edas disfruten con la imaginaci\u00f3n y las tapas de nuestros hosteleros\u201d, ha destacado.<\/p>\n\n\n\n<p>Andr\u00e9s Alc\u00e1ntara ha explicado que \u201cretomar despu\u00e9s de un a\u00f1o es complicado, porque ahora tenemos que invitar al pueblo de Chiclana a que acuda a los actos, sobre todo a la ofrenda, que era algo muy tradicional, pero vamos a intentar que Chiclana se vuelque con su Patrona. Vamos a mantener el formato de siempre, quedando desde la calle Fierro para hacer un recorrido hasta llegar a la puerta de San Telmo para la ofrenda\u201d.<\/p>\n\n\n\n<p><strong><em>Fuente: Ayuntamiento de Chiclana<\/em><\/strong><\/p>\n","protected":false},"excerpt":{"rendered":"<p>El alcalde de Chiclana, Jos\u00e9 Mar\u00eda Rom\u00e1n; los delegados municipales de Fiestas y V\u00edas y Obras, Jos\u00e9 Alberto Cruz y M\u00aa \u00c1ngeles Mart\u00ednez Rico; el<\/p>\n","protected":false},"author":1,"featured_media":2869,"comment_status":"open","ping_status":"open","sticky":false,"template":"","format":"standard","meta":{"jetpack_post_was_ever_published":false,"_jetpack_newsletter_access":"","_jetpack_dont_email_post_to_subs":false,"_jetpack_newsletter_tier_id":0,"_jetpack_memberships_contains_paywalled_content":false,"_jetpack_memberships_contains_paid_content":false,"footnotes":"","jetpack_publicize_message":"#ACTUALIDAD\nEn la jornada de ayer se presentaba los actos para la festividad de nuestra patrona de este pr\u00f3ximo mes de septiembre.","jetpack_publicize_feature_enabled":true,"jetpack_social_post_already_shared":true,"jetpack_social_options":{"image_generator_settings":{"template":"highway","enabled":false},"version":2}},"categories":[27,25],"tags":[47],"class_list":["post-2868","post","type-post","status-publish","format-standard","has-post-thumbnail","hentry","category-glorias","category-portada","tag-remedios"],"jetpack_publicize_connections":[],"jetpack_featured_media_url":"https:\/\/elsenatus.es\/wp-content\/uploads\/2021\/08\/ayto-chiclana.jpg","jetpack_sharing_enabled":true,"jetpack_likes_enabled":true,"_links":{"self":[{"href":"https:\/\/elsenatus.es\/index.php?rest_route=\/wp\/v2\/posts\/2868"}],"collection":[{"href":"https:\/\/elsenatus.es\/index.php?rest_route=\/wp\/v2\/posts"}],"about":[{"href":"https:\/\/elsenatus.es\/index.php?rest_route=\/wp\/v2\/types\/post"}],"author":[{"embeddable":true,"href":"https:\/\/elsenatus.es\/index.php?rest_route=\/wp\/v2\/users\/1"}],"replies":[{"embeddable":true,"href":"https:\/\/elsenatus.es\/index.php?rest_route=%2Fwp%2Fv2%2Fcomments&post=2868"}],"version-history":[{"count":1,"href":"https:\/\/elsenatus.es\/index.php?rest_route=\/wp\/v2\/posts\/2868\/revisions"}],"predecessor-version":[{"id":2871,"href":"https:\/\/elsenatus.es\/index.php?rest_route=\/wp\/v2\/posts\/2868\/revisions\/2871"}],"wp:featuredmedia":[{"embeddable":true,"href":"https:\/\/elsenatus.es\/index.php?rest_route=\/wp\/v2\/media\/2869"}],"wp:attachment":[{"href":"https:\/\/elsenatus.es\/index.php?rest_route=%2Fwp%2Fv2%2Fmedia&parent=2868"}],"wp:term":[{"taxonomy":"category","embeddable":true,"href":"https:\/\/elsenatus.es\/index.php?rest_route=%2Fwp%2Fv2%2Fcategories&post=2868"},{"taxonomy":"post_tag","embeddable":true,"href":"https:\/\/elsenatus.es\/index.php?rest_route=%2Fwp%2Fv2%2Ftags&post=2868"}],"curies":[{"name":"wp","href":"https:\/\/api.w.org\/{rel}","templated":true}]}}