{"id":2821,"date":"2021-08-04T14:00:00","date_gmt":"2021-08-04T12:00:00","guid":{"rendered":"https:\/\/elsenatus.es\/?p=2821"},"modified":"2021-08-05T21:52:53","modified_gmt":"2021-08-05T19:52:53","slug":"cofrades-ilustres-el-padre-salado","status":"publish","type":"post","link":"https:\/\/elsenatus.es\/?p=2821","title":{"rendered":"Cofrades ilustres: el Padre Salado"},"content":{"rendered":"\n<p>El pasado 31 de julio se cumpl\u00edan 25 a\u00f1os de la concesi\u00f3n por parte del Excmo. Ayuntamiento del T\u00edtulo de Hijo Predilecto de la Ciudad al sacerdote Fernando Salado, persona de gran relevancia religiosa, social y cultural en la Chiclana de las primeras d\u00e9cadas del siglo XX.<\/p>\n\n\n\n<p>Fernando Salado Olmedo, nacido el 26 de diciembre de 1875, dar\u00eda por primera vez misa en la Iglesia Mayor de San Juan Bautista el domingo 5 de enero de 1902; cuentan que con tal motivo se ilumin\u00f3 por primera vez el\u00e9ctricamente el templo y el arco del Reloj, celebr\u00e1ndose adem\u00e1s una gran fiesta en la que se repartieron limosnas de pan entre los m\u00e1s pobres.&nbsp;<\/p>\n\n\n\n<p>Al comenzar su vida como sacerdote fue destinado al Real Sitio de la Granja de San Ildefonso, en Segovia, marchando en 1906 a la Argentina, donde desarroll\u00f3 su vida pastoral en la di\u00f3cesis de Buenos Aires.<\/p>\n\n\n\n<figure class=\"wp-block-image size-large\"><img loading=\"lazy\" decoding=\"async\" width=\"1024\" height=\"1024\" src=\"https:\/\/elsenatus.es\/wp-content\/uploads\/2021\/08\/224908771_3037462529852838_3966481196297398589_n-1024x1024.jpg\" alt=\"\" class=\"wp-image-2822\" srcset=\"https:\/\/elsenatus.es\/wp-content\/uploads\/2021\/08\/224908771_3037462529852838_3966481196297398589_n-1024x1024.jpg 1024w, https:\/\/elsenatus.es\/wp-content\/uploads\/2021\/08\/224908771_3037462529852838_3966481196297398589_n-300x300.jpg 300w, https:\/\/elsenatus.es\/wp-content\/uploads\/2021\/08\/224908771_3037462529852838_3966481196297398589_n-150x150.jpg 150w, https:\/\/elsenatus.es\/wp-content\/uploads\/2021\/08\/224908771_3037462529852838_3966481196297398589_n-768x768.jpg 768w, https:\/\/elsenatus.es\/wp-content\/uploads\/2021\/08\/224908771_3037462529852838_3966481196297398589_n.jpg 1080w\" sizes=\"(max-width: 1024px) 100vw, 1024px\" \/><\/figure>\n\n\n\n<p>Ya estando en Chiclana, en el a\u00f1o 1914 comenz\u00f3 a desarrollar una importante labor pastoral y social, promoviendo algunas de las iniciativas m\u00e1s destacadas de \u00edndole cultural en aquellos a\u00f1os, como fueron los actos celebrados con motivo del primer centenario de la apertura de la Iglesia Mayor de San Juan Bautista. El d\u00eda nuestro Santo Patr\u00f3n de aquel a\u00f1o se homenaje\u00f3 al magistral Antonio Cabrera descubri\u00e9ndose el monumento al ilustre sacerdote chiclanero que ofici\u00f3 la primera misa en la Iglesia Mayor el 24 de junio de 1814. Un monumento realizado por D. Aragon\u00e9s en el que se homenajea tambi\u00e9n al viticultor, ubic\u00e1ndose junto a la iglesia de San Sebasti\u00e1n, muy cerca de donde naci\u00f3 el magistral en 1762. En aquel acto adem\u00e1s se cant\u00f3 por primera vez el Himno a Chiclana de la Frontera, con letra de Joaqu\u00edn Navarro y m\u00fasica de Jos\u00e9 G\u00e1lvez; y que fue encargado por el Padre Salado. Tambi\u00e9n aquel d\u00eda de San Juan se homenaje\u00f3 a la Batalla de Chiclana con la colocaci\u00f3n de una placa en la calle de la Vega, paseo que desde entonces tambi\u00e9n se denomina \u00ab5 de marzo de 1811\u00bb. Otro hecho que repercuti\u00f3 en la sociedad chiclanera de la \u00e9poca fue la creaci\u00f3n por el Padre Salado del sindicato de obreros viticultores, fundado ese mismo a\u00f1o, y que m\u00e1s tarde pasar\u00eda a ser la Bodega Cooperativa de San Juan Bautista.<\/p>\n\n\n\n<p>En 1916, a\u00f1o en el que el Papa Benedicto XV ratifica los patronazgos de la Virgen de los Remedios y de San Juan Bautista sobre la ciudad (bula que solicit\u00f3 conjuntamente con el Padre Caro y autoridades civiles) es creada la primera escuela para ni\u00f1os en la Banda, que en 1918 pas\u00f3 a ser la primera Escuela Nacional.<\/p>\n\n\n\n<p>Aunque si para una hermandad ha tenido especial importancia el Padre Salado, ha sido para la de la Vera Cruz. As\u00ed, en el a\u00f1o 1919, viendo el mal estado en el que se encontraba la iglesia del Santo Cristo, se acordaba en una reuni\u00f3n del Sindicato de Obreros Viticultores formar una comisi\u00f3n para la total reparaci\u00f3n de la capilla. Unas obras que, aunque fueron lentas, no impidi\u00f3 el desarrollo de los cultos y procesiones de la hermandad, cuyos titulares permanec\u00edan all\u00ed, al igual que la Virgen de Gu\u00eda, que entonces procesionaba&nbsp;a mediados de septiembre. La Virgen de Gu\u00eda \u2013 la \u00fanica de esta advocaci\u00f3n en la di\u00f3cesis \u2013, fue titular de la asociaci\u00f3n cristiana fundada por el sacerdote para la atenci\u00f3n a los soldados chiclaneros combatientes en la guerra de Marruecos, y en la que se inscribieron 52 madres. La asociaci\u00f3n fue denominada con el t\u00edtulo patri\u00f3tico-religioso de \u00abLa Madre del Soldado y la Virgen de Gu\u00eda\u00bb.<\/p>\n\n\n\n<p>Tambi\u00e9n desarroll\u00f3 una destacada labor de caridad en el entorno del Santo Cristo, donde a\u00fan en los a\u00f1os veinte exist\u00edan chozas y hab\u00eda una gran necesidad, que el Padre Salado socorri\u00f3 gracias a medidas de sanidad, alimentaci\u00f3n y tambi\u00e9n diversi\u00f3n, pues en esta zona se celebrar\u00eda por primera vez la fiesta de la Cruz de Mayo con fines ben\u00e9ficos para los vecinos del barrio.<\/p>\n\n\n\n<figure class=\"wp-block-image size-large\"><img loading=\"lazy\" decoding=\"async\" width=\"780\" height=\"392\" src=\"https:\/\/elsenatus.es\/wp-content\/uploads\/2021\/08\/Captura-de-pantalla-2021-08-04-a-las-8.00.55.png\" alt=\"\" class=\"wp-image-2824\" srcset=\"https:\/\/elsenatus.es\/wp-content\/uploads\/2021\/08\/Captura-de-pantalla-2021-08-04-a-las-8.00.55.png 780w, https:\/\/elsenatus.es\/wp-content\/uploads\/2021\/08\/Captura-de-pantalla-2021-08-04-a-las-8.00.55-300x151.png 300w, https:\/\/elsenatus.es\/wp-content\/uploads\/2021\/08\/Captura-de-pantalla-2021-08-04-a-las-8.00.55-768x386.png 768w\" sizes=\"(max-width: 780px) 100vw, 780px\" \/><\/figure>\n\n\n\n<p><strong><em>Por Alberto Morales<\/em><\/strong><\/p>\n\n\n\n<p><strong><em>Fuentes:&nbsp;<\/em><\/strong><br>Francisco Montiel y Tom\u00e1s Gutier: \u00abLas memorias del Abuelo Chano. Cien a\u00f1os de la vida de Chiclana\u00bb (2003).<\/p>\n","protected":false},"excerpt":{"rendered":"<p>El pasado 31 de julio se cumpl\u00edan 25 a\u00f1os de la concesi\u00f3n por parte del Excmo. Ayuntamiento del T\u00edtulo de Hijo Predilecto de la Ciudad<\/p>\n","protected":false},"author":1,"featured_media":2824,"comment_status":"open","ping_status":"open","sticky":false,"template":"","format":"standard","meta":{"jetpack_post_was_ever_published":false,"_jetpack_newsletter_access":"","_jetpack_dont_email_post_to_subs":false,"_jetpack_newsletter_tier_id":0,"_jetpack_memberships_contains_paywalled_content":false,"_jetpack_memberships_contains_paid_content":false,"footnotes":"","jetpack_publicize_message":"#HISTORIA\nHoy hablamos de un cofrade ilustre: el Padre Salado","jetpack_publicize_feature_enabled":true,"jetpack_social_post_already_shared":true,"jetpack_social_options":{"image_generator_settings":{"template":"highway","enabled":false},"version":2}},"categories":[54],"tags":[],"class_list":["post-2821","post","type-post","status-publish","format-standard","has-post-thumbnail","hentry","category-arte-e-historia"],"jetpack_publicize_connections":[],"jetpack_featured_media_url":"https:\/\/elsenatus.es\/wp-content\/uploads\/2021\/08\/Captura-de-pantalla-2021-08-04-a-las-8.00.55.png","jetpack_sharing_enabled":true,"jetpack_likes_enabled":true,"_links":{"self":[{"href":"https:\/\/elsenatus.es\/index.php?rest_route=\/wp\/v2\/posts\/2821"}],"collection":[{"href":"https:\/\/elsenatus.es\/index.php?rest_route=\/wp\/v2\/posts"}],"about":[{"href":"https:\/\/elsenatus.es\/index.php?rest_route=\/wp\/v2\/types\/post"}],"author":[{"embeddable":true,"href":"https:\/\/elsenatus.es\/index.php?rest_route=\/wp\/v2\/users\/1"}],"replies":[{"embeddable":true,"href":"https:\/\/elsenatus.es\/index.php?rest_route=%2Fwp%2Fv2%2Fcomments&post=2821"}],"version-history":[{"count":2,"href":"https:\/\/elsenatus.es\/index.php?rest_route=\/wp\/v2\/posts\/2821\/revisions"}],"predecessor-version":[{"id":2827,"href":"https:\/\/elsenatus.es\/index.php?rest_route=\/wp\/v2\/posts\/2821\/revisions\/2827"}],"wp:featuredmedia":[{"embeddable":true,"href":"https:\/\/elsenatus.es\/index.php?rest_route=\/wp\/v2\/media\/2824"}],"wp:attachment":[{"href":"https:\/\/elsenatus.es\/index.php?rest_route=%2Fwp%2Fv2%2Fmedia&parent=2821"}],"wp:term":[{"taxonomy":"category","embeddable":true,"href":"https:\/\/elsenatus.es\/index.php?rest_route=%2Fwp%2Fv2%2Fcategories&post=2821"},{"taxonomy":"post_tag","embeddable":true,"href":"https:\/\/elsenatus.es\/index.php?rest_route=%2Fwp%2Fv2%2Ftags&post=2821"}],"curies":[{"name":"wp","href":"https:\/\/api.w.org\/{rel}","templated":true}]}}