{"id":2593,"date":"2021-05-18T13:30:00","date_gmt":"2021-05-18T11:30:00","guid":{"rendered":"https:\/\/elsenatus.es\/?p=2593"},"modified":"2021-05-18T06:53:42","modified_gmt":"2021-05-18T04:53:42","slug":"el-nazareno-llevara-a-cabildo-la-modificacion-de-su-titulo-y-estatutos","status":"publish","type":"post","link":"https:\/\/elsenatus.es\/?p=2593","title":{"rendered":"El Nazareno llevar\u00e1 a cabildo la modificaci\u00f3n de su t\u00edtulo y estatutos"},"content":{"rendered":"\n<p>La Hermandad del Nazareno ha citado a sus hermanos para el pr\u00f3ximo viernes 28 de mayo donde celebrar\u00e1 cabildo ordinario y extraordinario.<\/p>\n\n\n\n<p>La Hermandad propondr\u00e1 si procede la aprobaci\u00f3n del proyecto de modificaci\u00f3n de estatutos y reglamento interno y el cambio de t\u00edtulo de la Hermandad.<\/p>\n\n\n\n<p>La primera convocatoria ser\u00e1 a las 19:00h de la tarde y la segunda a las 19:30h en la Iglesia de Jes\u00fas Nazareno.<\/p>\n\n\n\n<figure class=\"wp-block-image size-large\"><img loading=\"lazy\" decoding=\"async\" width=\"725\" height=\"1024\" src=\"https:\/\/elsenatus.es\/wp-content\/uploads\/2021\/05\/NAZARENO-725x1024.jpg\" alt=\"\" class=\"wp-image-2594\" srcset=\"https:\/\/elsenatus.es\/wp-content\/uploads\/2021\/05\/NAZARENO-725x1024.jpg 725w, https:\/\/elsenatus.es\/wp-content\/uploads\/2021\/05\/NAZARENO-212x300.jpg 212w, https:\/\/elsenatus.es\/wp-content\/uploads\/2021\/05\/NAZARENO-768x1085.jpg 768w, https:\/\/elsenatus.es\/wp-content\/uploads\/2021\/05\/NAZARENO-1087x1536.jpg 1087w, https:\/\/elsenatus.es\/wp-content\/uploads\/2021\/05\/NAZARENO.jpg 1449w\" sizes=\"(max-width: 725px) 100vw, 725px\" \/><\/figure>\n\n\n\n<p><\/p>\n","protected":false},"excerpt":{"rendered":"<p>La Hermandad del Nazareno ha citado a sus hermanos para el pr\u00f3ximo viernes 28 de mayo donde celebrar\u00e1 cabildo ordinario y extraordinario. La Hermandad propondr\u00e1<\/p>\n","protected":false},"author":1,"featured_media":1381,"comment_status":"open","ping_status":"open","sticky":false,"template":"","format":"standard","meta":{"jetpack_post_was_ever_published":false,"_jetpack_newsletter_access":"","_jetpack_dont_email_post_to_subs":false,"_jetpack_newsletter_tier_id":0,"_jetpack_memberships_contains_paywalled_content":false,"_jetpack_memberships_contains_paid_content":false,"footnotes":"","jetpack_publicize_message":"#ACTUALIDAD\nLa Hermandad del Nazareno ha citado a sus hermanos para el pr\u00f3ximo viernes 28 de mayo donde celebrar\u00e1 cabildo ordinario y extraordinario.","jetpack_publicize_feature_enabled":true,"jetpack_social_post_already_shared":true,"jetpack_social_options":{"image_generator_settings":{"template":"highway","enabled":false},"version":2}},"categories":[26,25],"tags":[42],"class_list":["post-2593","post","type-post","status-publish","format-standard","has-post-thumbnail","hentry","category-penitencia","category-portada","tag-nazareno"],"jetpack_publicize_connections":[],"jetpack_featured_media_url":"https:\/\/elsenatus.es\/wp-content\/uploads\/2020\/10\/Captura-de-pantalla-2020-10-13-a-las-22.17.35.png","jetpack_sharing_enabled":true,"jetpack_likes_enabled":true,"_links":{"self":[{"href":"https:\/\/elsenatus.es\/index.php?rest_route=\/wp\/v2\/posts\/2593"}],"collection":[{"href":"https:\/\/elsenatus.es\/index.php?rest_route=\/wp\/v2\/posts"}],"about":[{"href":"https:\/\/elsenatus.es\/index.php?rest_route=\/wp\/v2\/types\/post"}],"author":[{"embeddable":true,"href":"https:\/\/elsenatus.es\/index.php?rest_route=\/wp\/v2\/users\/1"}],"replies":[{"embeddable":true,"href":"https:\/\/elsenatus.es\/index.php?rest_route=%2Fwp%2Fv2%2Fcomments&post=2593"}],"version-history":[{"count":1,"href":"https:\/\/elsenatus.es\/index.php?rest_route=\/wp\/v2\/posts\/2593\/revisions"}],"predecessor-version":[{"id":2595,"href":"https:\/\/elsenatus.es\/index.php?rest_route=\/wp\/v2\/posts\/2593\/revisions\/2595"}],"wp:featuredmedia":[{"embeddable":true,"href":"https:\/\/elsenatus.es\/index.php?rest_route=\/wp\/v2\/media\/1381"}],"wp:attachment":[{"href":"https:\/\/elsenatus.es\/index.php?rest_route=%2Fwp%2Fv2%2Fmedia&parent=2593"}],"wp:term":[{"taxonomy":"category","embeddable":true,"href":"https:\/\/elsenatus.es\/index.php?rest_route=%2Fwp%2Fv2%2Fcategories&post=2593"},{"taxonomy":"post_tag","embeddable":true,"href":"https:\/\/elsenatus.es\/index.php?rest_route=%2Fwp%2Fv2%2Ftags&post=2593"}],"curies":[{"name":"wp","href":"https:\/\/api.w.org\/{rel}","templated":true}]}}