{"id":2463,"date":"2021-04-14T08:30:59","date_gmt":"2021-04-14T06:30:59","guid":{"rendered":"https:\/\/elsenatus.es\/?p=2463"},"modified":"2021-04-20T06:56:33","modified_gmt":"2021-04-20T04:56:33","slug":"este-domingo-pregon-y-presentacion-del-cartel-de-las-glorias-2021","status":"publish","type":"post","link":"https:\/\/elsenatus.es\/?p=2463","title":{"rendered":"Este domingo preg\u00f3n y presentaci\u00f3n del cartel de las Glorias 2021"},"content":{"rendered":"\n<p>Tras poner hace unas semanas punto y final a la Semana Santa 2021, es hora de dar el pistoletazo de salida al Tiempo de Glorias que dar\u00e1 comienzo este mismo domingo en nuestra localidad.<\/p>\n\n\n\n<p>El Preg\u00f3n de Glorias servir\u00e1 como punto de salida. Ser\u00e1 presidido por el Simpecado de la Hermandad del Roc\u00edo y a cargo del Rvdo. Padre David Guti\u00e9rrez y presentado por D. Francisco Ruiz D\u00edaz.<\/p>\n\n\n\n<p>Tambi\u00e9n se aprovechar\u00e1 este acto para presentar el cartel de las Glorias 2021 que ser\u00e1 obra de D. Diego S\u00e1nchez M\u00e1rquez.<\/p>\n\n\n\n<p>Este acto que arranca con el tiempo de glorias, se celebrar\u00e1 este domingo 18 de abril en el Teatro Moderno a partir de las 12:00h.<\/p>\n\n\n\n<p>ElSenatus.es ofrecer\u00e1 la emisi\u00f3n del preg\u00f3n en directo a trav\u00e9s de Facebook Live y por la noche a las 21:30h emitir\u00e1 un programa especial sobre lo acontentecido en el arranque de las Glorias en Chiclana.<\/p>\n\n\n\n<figure class=\"wp-block-image size-large\"><img loading=\"lazy\" decoding=\"async\" width=\"640\" height=\"960\" src=\"https:\/\/elsenatus.es\/wp-content\/uploads\/2021\/04\/cartelglorias.jpg\" alt=\"\" class=\"wp-image-2464\" srcset=\"https:\/\/elsenatus.es\/wp-content\/uploads\/2021\/04\/cartelglorias.jpg 640w, https:\/\/elsenatus.es\/wp-content\/uploads\/2021\/04\/cartelglorias-200x300.jpg 200w\" sizes=\"(max-width: 640px) 100vw, 640px\" \/><\/figure>\n\n\n\n<p><\/p>\n","protected":false},"excerpt":{"rendered":"<p>Tras poner hace unas semanas punto y final a la Semana Santa 2021, es hora de dar el pistoletazo de salida al Tiempo de Glorias<\/p>\n","protected":false},"author":1,"featured_media":855,"comment_status":"open","ping_status":"open","sticky":false,"template":"","format":"standard","meta":{"jetpack_post_was_ever_published":false,"_jetpack_newsletter_access":"","_jetpack_dont_email_post_to_subs":false,"_jetpack_newsletter_tier_id":0,"_jetpack_memberships_contains_paywalled_content":false,"_jetpack_memberships_contains_paid_content":false,"footnotes":"","jetpack_publicize_message":"#ACTUALIDAD\nEste acto que arranca con el tiempo de glorias, se celebrar\u00e1 este domingo 18 de abril en el Teatro Moderno a partir de las 12:00h.","jetpack_publicize_feature_enabled":true,"jetpack_social_post_already_shared":true,"jetpack_social_options":{"image_generator_settings":{"template":"highway","enabled":false},"version":2}},"categories":[53,27],"tags":[49],"class_list":["post-2463","post","type-post","status-publish","format-standard","has-post-thumbnail","hentry","category-actualidad","category-glorias","tag-consejo-hermandades"],"jetpack_publicize_connections":[],"jetpack_featured_media_url":"https:\/\/elsenatus.es\/wp-content\/uploads\/2020\/06\/davidgutierrez.jpg","jetpack_sharing_enabled":true,"jetpack_likes_enabled":true,"_links":{"self":[{"href":"https:\/\/elsenatus.es\/index.php?rest_route=\/wp\/v2\/posts\/2463"}],"collection":[{"href":"https:\/\/elsenatus.es\/index.php?rest_route=\/wp\/v2\/posts"}],"about":[{"href":"https:\/\/elsenatus.es\/index.php?rest_route=\/wp\/v2\/types\/post"}],"author":[{"embeddable":true,"href":"https:\/\/elsenatus.es\/index.php?rest_route=\/wp\/v2\/users\/1"}],"replies":[{"embeddable":true,"href":"https:\/\/elsenatus.es\/index.php?rest_route=%2Fwp%2Fv2%2Fcomments&post=2463"}],"version-history":[{"count":2,"href":"https:\/\/elsenatus.es\/index.php?rest_route=\/wp\/v2\/posts\/2463\/revisions"}],"predecessor-version":[{"id":2466,"href":"https:\/\/elsenatus.es\/index.php?rest_route=\/wp\/v2\/posts\/2463\/revisions\/2466"}],"wp:featuredmedia":[{"embeddable":true,"href":"https:\/\/elsenatus.es\/index.php?rest_route=\/wp\/v2\/media\/855"}],"wp:attachment":[{"href":"https:\/\/elsenatus.es\/index.php?rest_route=%2Fwp%2Fv2%2Fmedia&parent=2463"}],"wp:term":[{"taxonomy":"category","embeddable":true,"href":"https:\/\/elsenatus.es\/index.php?rest_route=%2Fwp%2Fv2%2Fcategories&post=2463"},{"taxonomy":"post_tag","embeddable":true,"href":"https:\/\/elsenatus.es\/index.php?rest_route=%2Fwp%2Fv2%2Ftags&post=2463"}],"curies":[{"name":"wp","href":"https:\/\/api.w.org\/{rel}","templated":true}]}}