{"id":2455,"date":"2021-04-13T08:30:00","date_gmt":"2021-04-13T06:30:00","guid":{"rendered":"https:\/\/elsenatus.es\/?p=2455"},"modified":"2021-04-13T06:01:00","modified_gmt":"2021-04-13T04:01:00","slug":"este-viernes-la-hermandad-de-san-juan-presentara-el-proyecto-aureola","status":"publish","type":"post","link":"https:\/\/elsenatus.es\/?p=2455","title":{"rendered":"Este viernes la Hermandad de San Juan presentar\u00e1 el \u00abProyecto Aureola\u00bb"},"content":{"rendered":"\n<p>El pr\u00f3ximo viernes, d\u00eda 16 de abril, tras la finalizaci\u00f3n del Cabildo Ordinario de Cuentas que tiene previsto la Hermandad Sacramental de San Juan Bautista tendr\u00e1 lugar la presentaci\u00f3n del boceto del \u00abPROYECTO AUREOLA\u00bb para el Santo Patr\u00f3n.<\/p>\n\n\n\n<p>Este proyecto seg\u00fan informa la propia corporaci\u00f3n se est\u00e1 llevando a cabo por un grupo de Hermanos que han tenido a bien realizar esta donaci\u00f3n para engrandecer el patrimonio y ajuar del Santo Patr\u00f3n de la localidad.<\/p>\n","protected":false},"excerpt":{"rendered":"<p>El pr\u00f3ximo viernes, d\u00eda 16 de abril, tras la finalizaci\u00f3n del Cabildo Ordinario de Cuentas que tiene previsto la Hermandad Sacramental de San Juan Bautista<\/p>\n","protected":false},"author":1,"featured_media":824,"comment_status":"open","ping_status":"open","sticky":false,"template":"","format":"standard","meta":{"jetpack_post_was_ever_published":false,"_jetpack_newsletter_access":"","_jetpack_dont_email_post_to_subs":false,"_jetpack_newsletter_tier_id":0,"_jetpack_memberships_contains_paywalled_content":false,"_jetpack_memberships_contains_paid_content":false,"footnotes":"","jetpack_publicize_message":"#ACTUALIDAD\nEste proyecto seg\u00fan informa la propia corporaci\u00f3n se est\u00e1 llevando a cabo por un grupo de Hermanos que han tenido a bien realizar esta donaci\u00f3n para engrandecer el patrimonio y ajuar del Santo Patr\u00f3n de la localidad.","jetpack_publicize_feature_enabled":true,"jetpack_social_post_already_shared":true,"jetpack_social_options":{"image_generator_settings":{"template":"highway","enabled":false},"version":2}},"categories":[53,27],"tags":[44],"class_list":["post-2455","post","type-post","status-publish","format-standard","has-post-thumbnail","hentry","category-actualidad","category-glorias","tag-san-juan"],"jetpack_publicize_connections":[],"jetpack_featured_media_url":"https:\/\/elsenatus.es\/wp-content\/uploads\/2020\/06\/patronazgosanjuan.png","jetpack_sharing_enabled":true,"jetpack_likes_enabled":true,"_links":{"self":[{"href":"https:\/\/elsenatus.es\/index.php?rest_route=\/wp\/v2\/posts\/2455"}],"collection":[{"href":"https:\/\/elsenatus.es\/index.php?rest_route=\/wp\/v2\/posts"}],"about":[{"href":"https:\/\/elsenatus.es\/index.php?rest_route=\/wp\/v2\/types\/post"}],"author":[{"embeddable":true,"href":"https:\/\/elsenatus.es\/index.php?rest_route=\/wp\/v2\/users\/1"}],"replies":[{"embeddable":true,"href":"https:\/\/elsenatus.es\/index.php?rest_route=%2Fwp%2Fv2%2Fcomments&post=2455"}],"version-history":[{"count":1,"href":"https:\/\/elsenatus.es\/index.php?rest_route=\/wp\/v2\/posts\/2455\/revisions"}],"predecessor-version":[{"id":2456,"href":"https:\/\/elsenatus.es\/index.php?rest_route=\/wp\/v2\/posts\/2455\/revisions\/2456"}],"wp:featuredmedia":[{"embeddable":true,"href":"https:\/\/elsenatus.es\/index.php?rest_route=\/wp\/v2\/media\/824"}],"wp:attachment":[{"href":"https:\/\/elsenatus.es\/index.php?rest_route=%2Fwp%2Fv2%2Fmedia&parent=2455"}],"wp:term":[{"taxonomy":"category","embeddable":true,"href":"https:\/\/elsenatus.es\/index.php?rest_route=%2Fwp%2Fv2%2Fcategories&post=2455"},{"taxonomy":"post_tag","embeddable":true,"href":"https:\/\/elsenatus.es\/index.php?rest_route=%2Fwp%2Fv2%2Ftags&post=2455"}],"curies":[{"name":"wp","href":"https:\/\/api.w.org\/{rel}","templated":true}]}}