{"id":1642,"date":"2020-11-29T12:37:00","date_gmt":"2020-11-29T11:37:00","guid":{"rendered":"https:\/\/elsenatus.es\/?p=1642"},"modified":"2020-11-29T07:42:19","modified_gmt":"2020-11-29T06:42:19","slug":"san-juan-celebrara-la-festividad-de-la-inmaculada-concepcion","status":"publish","type":"post","link":"https:\/\/elsenatus.es\/?p=1642","title":{"rendered":"San Juan celebrar\u00e1 la festividad de la Inmaculada Concepci\u00f3n"},"content":{"rendered":"\n<p>La Hermandad Sacramental de San Juan Bautista conmemorar\u00e1 el pr\u00f3ximo 8 de diciembre la festividad de la Pura y Limpia Concepci\u00f3n.<\/p>\n\n\n\n<p>Se llevar\u00e1 a cabo una Solemne Funci\u00f3n en homenaje, honor y gloria de la Sant\u00edsima Virgen en el misterio de su Inmaculada Concepci\u00f3n, Patrona de Espa\u00f1a, oficiando y predicando en la misma el Rvdo. P. David Guti\u00e9rrez Dom\u00ednguez, Cura P\u00e1rroco de la Iglesia Mayor Parroquial de San Juan Bautista y Director Espiritual de la Hermandad.<\/p>\n\n\n\n<p>Esta Hermandad har\u00e1 p\u00fablica y solemne renovaci\u00f3n del Voto Concepcionista. Tambi\u00e9n decir que el d\u00eda 7 de diciembre a las 20:30 horas tendr\u00e1 lugar la Vigilia de Oraci\u00f3n de la Inmaculada Concepci\u00f3n de Mar\u00eda, a cargo de la propia Parroquia de San Juan Bautista.<\/p>\n\n\n\n<figure class=\"wp-block-image size-large\"><img loading=\"lazy\" decoding=\"async\" width=\"717\" height=\"1024\" src=\"https:\/\/elsenatus.es\/wp-content\/uploads\/2020\/11\/inmaculada1-717x1024.jpg\" alt=\"\" class=\"wp-image-1644\" srcset=\"https:\/\/elsenatus.es\/wp-content\/uploads\/2020\/11\/inmaculada1-717x1024.jpg 717w, https:\/\/elsenatus.es\/wp-content\/uploads\/2020\/11\/inmaculada1-210x300.jpg 210w, https:\/\/elsenatus.es\/wp-content\/uploads\/2020\/11\/inmaculada1-768x1097.jpg 768w, https:\/\/elsenatus.es\/wp-content\/uploads\/2020\/11\/inmaculada1-1075x1536.jpg 1075w, https:\/\/elsenatus.es\/wp-content\/uploads\/2020\/11\/inmaculada1.jpg 1240w\" sizes=\"(max-width: 717px) 100vw, 717px\" \/><\/figure>\n\n\n\n<p><\/p>\n","protected":false},"excerpt":{"rendered":"<p>La Hermandad Sacramental de San Juan Bautista conmemorar\u00e1 el pr\u00f3ximo 8 de diciembre la festividad de la Pura y Limpia Concepci\u00f3n. Se llevar\u00e1 a cabo<\/p>\n","protected":false},"author":1,"featured_media":1643,"comment_status":"open","ping_status":"open","sticky":false,"template":"","format":"standard","meta":{"jetpack_post_was_ever_published":false,"_jetpack_newsletter_access":"","_jetpack_dont_email_post_to_subs":false,"_jetpack_newsletter_tier_id":0,"_jetpack_memberships_contains_paywalled_content":false,"_jetpack_memberships_contains_paid_content":false,"footnotes":"","jetpack_publicize_message":"#ACTUALIDAD\nLa Hermandad Sacramental de San Juan Bautista conmemorar\u00e1 el pr\u00f3ximo 8 de diciembre la festividad de la Pura y Limpia Concepci\u00f3n.","jetpack_publicize_feature_enabled":true,"jetpack_social_post_already_shared":true,"jetpack_social_options":{"image_generator_settings":{"template":"highway","enabled":false},"version":2}},"categories":[53,27],"tags":[44],"class_list":["post-1642","post","type-post","status-publish","format-standard","has-post-thumbnail","hentry","category-actualidad","category-glorias","tag-san-juan"],"jetpack_publicize_connections":[],"jetpack_featured_media_url":"https:\/\/elsenatus.es\/wp-content\/uploads\/2020\/11\/Captura-de-pantalla-2020-11-29-a-las-7.37.05.png","jetpack_sharing_enabled":true,"jetpack_likes_enabled":true,"_links":{"self":[{"href":"https:\/\/elsenatus.es\/index.php?rest_route=\/wp\/v2\/posts\/1642"}],"collection":[{"href":"https:\/\/elsenatus.es\/index.php?rest_route=\/wp\/v2\/posts"}],"about":[{"href":"https:\/\/elsenatus.es\/index.php?rest_route=\/wp\/v2\/types\/post"}],"author":[{"embeddable":true,"href":"https:\/\/elsenatus.es\/index.php?rest_route=\/wp\/v2\/users\/1"}],"replies":[{"embeddable":true,"href":"https:\/\/elsenatus.es\/index.php?rest_route=%2Fwp%2Fv2%2Fcomments&post=1642"}],"version-history":[{"count":1,"href":"https:\/\/elsenatus.es\/index.php?rest_route=\/wp\/v2\/posts\/1642\/revisions"}],"predecessor-version":[{"id":1645,"href":"https:\/\/elsenatus.es\/index.php?rest_route=\/wp\/v2\/posts\/1642\/revisions\/1645"}],"wp:featuredmedia":[{"embeddable":true,"href":"https:\/\/elsenatus.es\/index.php?rest_route=\/wp\/v2\/media\/1643"}],"wp:attachment":[{"href":"https:\/\/elsenatus.es\/index.php?rest_route=%2Fwp%2Fv2%2Fmedia&parent=1642"}],"wp:term":[{"taxonomy":"category","embeddable":true,"href":"https:\/\/elsenatus.es\/index.php?rest_route=%2Fwp%2Fv2%2Fcategories&post=1642"},{"taxonomy":"post_tag","embeddable":true,"href":"https:\/\/elsenatus.es\/index.php?rest_route=%2Fwp%2Fv2%2Ftags&post=1642"}],"curies":[{"name":"wp","href":"https:\/\/api.w.org\/{rel}","templated":true}]}}