{"id":1627,"date":"2020-11-27T13:30:00","date_gmt":"2020-11-27T12:30:00","guid":{"rendered":"https:\/\/elsenatus.es\/?p=1627"},"modified":"2020-11-27T07:18:03","modified_gmt":"2020-11-27T06:18:03","slug":"el-perdon-y-santa-angela-recogen-productos-infantiles","status":"publish","type":"post","link":"https:\/\/elsenatus.es\/?p=1627","title":{"rendered":"El Perd\u00f3n y Santa \u00c1ngela recogen productos infantiles"},"content":{"rendered":"\n<p>La Cofrad\u00eda del Perd\u00f3n y la Agrupaci\u00f3n Parroquial de Santa \u00c1ngela organizan una recogida de productos de alimentaci\u00f3n e higienes infantiles.<\/p>\n\n\n\n<p>La campa\u00f1a recoge productos de higiene infantil, tales como potitos, cereales, leche en polvo, biberones, chupetes, baberos, toallitas higi\u00e9nicas, pa\u00f1ales, cucharillas y tenedores infantiles (pl\u00e1stico), etc.. <\/p>\n\n\n\n<p>Esta, ser\u00e1 destinada a la Asociaci\u00f3n de Padres y Madres para la Ayuda de Ni\u00f1os Hu\u00e9rfanos y las Hermanas de la Cruz de nuestra ciudad.As\u00ed, se iniciar\u00e1 el pr\u00f3ximo s\u00e1bado 28 de noviembre, continuando hasta el 27 de diciembre del presente a\u00f1o. Para ello, se establecer\u00e1n dos puntos de recogida, uno en nuestra Parroquia Sta. \u00c1ngela de la Cruz -en cuanto se retome la normalidad- y otro en la Iglesia Mayor Parroquial de San Juan Bautista, pudiendo participar en los horarios habituales de ambas.<\/p>\n\n\n\n<figure class=\"wp-block-image size-large\"><img loading=\"lazy\" decoding=\"async\" width=\"724\" height=\"1024\" src=\"https:\/\/elsenatus.es\/wp-content\/uploads\/2020\/11\/cartias-724x1024.jpg\" alt=\"\" class=\"wp-image-1628\" srcset=\"https:\/\/elsenatus.es\/wp-content\/uploads\/2020\/11\/cartias-724x1024.jpg 724w, https:\/\/elsenatus.es\/wp-content\/uploads\/2020\/11\/cartias-212x300.jpg 212w, https:\/\/elsenatus.es\/wp-content\/uploads\/2020\/11\/cartias-768x1086.jpg 768w, https:\/\/elsenatus.es\/wp-content\/uploads\/2020\/11\/cartias-1086x1536.jpg 1086w, https:\/\/elsenatus.es\/wp-content\/uploads\/2020\/11\/cartias.jpg 1241w\" sizes=\"(max-width: 724px) 100vw, 724px\" \/><\/figure>\n\n\n\n<p><\/p>\n","protected":false},"excerpt":{"rendered":"<p>La Cofrad\u00eda del Perd\u00f3n y la Agrupaci\u00f3n Parroquial de Santa \u00c1ngela organizan una recogida de productos de alimentaci\u00f3n e higienes infantiles. La campa\u00f1a recoge productos<\/p>\n","protected":false},"author":1,"featured_media":1629,"comment_status":"open","ping_status":"open","sticky":false,"template":"","format":"standard","meta":{"jetpack_post_was_ever_published":false,"_jetpack_newsletter_access":"","_jetpack_dont_email_post_to_subs":false,"_jetpack_newsletter_tier_id":0,"_jetpack_memberships_contains_paywalled_content":false,"_jetpack_memberships_contains_paid_content":false,"footnotes":"","jetpack_publicize_message":"#ACTUALIDAD\nLa Cofrad\u00eda del Perd\u00f3n y la Agrupaci\u00f3n Parroquial de Santa \u00c1ngela organizan una recogida de productos de alimentaci\u00f3n e higienes infantiles.","jetpack_publicize_feature_enabled":true,"jetpack_social_post_already_shared":true,"jetpack_social_options":{"image_generator_settings":{"template":"highway","enabled":false},"version":2}},"categories":[53,27,26],"tags":[],"class_list":["post-1627","post","type-post","status-publish","format-standard","has-post-thumbnail","hentry","category-actualidad","category-glorias","category-penitencia"],"jetpack_publicize_connections":[],"jetpack_featured_media_url":"https:\/\/elsenatus.es\/wp-content\/uploads\/2020\/11\/Captura-de-pantalla-2020-11-27-a-las-7.17.16.png","jetpack_sharing_enabled":true,"jetpack_likes_enabled":true,"_links":{"self":[{"href":"https:\/\/elsenatus.es\/index.php?rest_route=\/wp\/v2\/posts\/1627"}],"collection":[{"href":"https:\/\/elsenatus.es\/index.php?rest_route=\/wp\/v2\/posts"}],"about":[{"href":"https:\/\/elsenatus.es\/index.php?rest_route=\/wp\/v2\/types\/post"}],"author":[{"embeddable":true,"href":"https:\/\/elsenatus.es\/index.php?rest_route=\/wp\/v2\/users\/1"}],"replies":[{"embeddable":true,"href":"https:\/\/elsenatus.es\/index.php?rest_route=%2Fwp%2Fv2%2Fcomments&post=1627"}],"version-history":[{"count":1,"href":"https:\/\/elsenatus.es\/index.php?rest_route=\/wp\/v2\/posts\/1627\/revisions"}],"predecessor-version":[{"id":1630,"href":"https:\/\/elsenatus.es\/index.php?rest_route=\/wp\/v2\/posts\/1627\/revisions\/1630"}],"wp:featuredmedia":[{"embeddable":true,"href":"https:\/\/elsenatus.es\/index.php?rest_route=\/wp\/v2\/media\/1629"}],"wp:attachment":[{"href":"https:\/\/elsenatus.es\/index.php?rest_route=%2Fwp%2Fv2%2Fmedia&parent=1627"}],"wp:term":[{"taxonomy":"category","embeddable":true,"href":"https:\/\/elsenatus.es\/index.php?rest_route=%2Fwp%2Fv2%2Fcategories&post=1627"},{"taxonomy":"post_tag","embeddable":true,"href":"https:\/\/elsenatus.es\/index.php?rest_route=%2Fwp%2Fv2%2Ftags&post=1627"}],"curies":[{"name":"wp","href":"https:\/\/api.w.org\/{rel}","templated":true}]}}