{"id":1622,"date":"2020-11-27T09:30:00","date_gmt":"2020-11-27T08:30:00","guid":{"rendered":"https:\/\/elsenatus.es\/?p=1622"},"modified":"2020-11-27T07:12:59","modified_gmt":"2020-11-27T06:12:59","slug":"solidaridad-y-oracion-en-pastora","status":"publish","type":"post","link":"https:\/\/elsenatus.es\/?p=1622","title":{"rendered":"Solidaridad y oraci\u00f3n en Pastora"},"content":{"rendered":"\n<p>La Agrupaci\u00f3n Parroquial de Pastora hace unos d\u00edas anunciaba nuevas actividades que ir\u00e1n realizando en las pr\u00f3ximas semanas.<\/p>\n\n\n\n<p>A partir de ahora cada \u00faltimo s\u00e1bado del mes los hermanos de Pastora se reunir\u00e1n para orar con Mar\u00eda. Meditar\u00e1n sobre la vida de la Virgen a trav\u00e9s del a\u00f1o lit\u00fargico. Ma\u00f1ana S\u00e1bado 28 de noviembre a las 18:30h celebrar\u00e1n la Exposici\u00f3n al Sant\u00edsimo con la meditaci\u00f3n: El Adviento: Mar\u00eda, Madre de la espera y alegr\u00eda de la Navidad, Rezo del Santo Rosario y a las 20:30h Bendici\u00f3n y Reserva.<\/p>\n\n\n\n<p>En el apartado de caridad, la agrupaci\u00f3n pastore\u00f1a esta llevando a cabo la campa\u00f1a \u00abCenas Navide\u00f1as\u00bb, consiste en la disposici\u00f3n de huchas solidarias para recaudar el dinero que ser\u00e1 destinado para las cenas Navide\u00f1as que se repartir\u00e1 en la Olla Solidaria. Los donativos podr\u00e1n entregarse los s\u00e1bados en la Capilla del Santo Cristo o bien a los miembros de la propia Junta de Gobierno.<\/p>\n\n\n\n<figure class=\"wp-block-image size-large\"><img loading=\"lazy\" decoding=\"async\" width=\"1024\" height=\"724\" src=\"https:\/\/elsenatus.es\/wp-content\/uploads\/2020\/11\/cartelorarmaria-1024x724.jpg\" alt=\"\" class=\"wp-image-1625\" srcset=\"https:\/\/elsenatus.es\/wp-content\/uploads\/2020\/11\/cartelorarmaria-1024x724.jpg 1024w, https:\/\/elsenatus.es\/wp-content\/uploads\/2020\/11\/cartelorarmaria-300x212.jpg 300w, https:\/\/elsenatus.es\/wp-content\/uploads\/2020\/11\/cartelorarmaria-768x543.jpg 768w, https:\/\/elsenatus.es\/wp-content\/uploads\/2020\/11\/cartelorarmaria.jpg 1440w\" sizes=\"(max-width: 1024px) 100vw, 1024px\" \/><\/figure>\n\n\n\n<p><\/p>\n","protected":false},"excerpt":{"rendered":"<p>La Agrupaci\u00f3n Parroquial de Pastora hace unos d\u00edas anunciaba nuevas actividades que ir\u00e1n realizando en las pr\u00f3ximas semanas. A partir de ahora cada \u00faltimo s\u00e1bado<\/p>\n","protected":false},"author":1,"featured_media":1623,"comment_status":"open","ping_status":"open","sticky":false,"template":"","format":"standard","meta":{"jetpack_post_was_ever_published":false,"_jetpack_newsletter_access":"","_jetpack_dont_email_post_to_subs":false,"_jetpack_newsletter_tier_id":0,"_jetpack_memberships_contains_paywalled_content":false,"_jetpack_memberships_contains_paid_content":false,"footnotes":"","jetpack_publicize_message":"#ACTUALIDAD\nLa Agrupaci\u00f3n Parroquial de Pastora hace unos d\u00edas anunciaba nuevas actividades que ir\u00e1n realizando en las pr\u00f3ximas semanas.","jetpack_publicize_feature_enabled":true,"jetpack_social_post_already_shared":true,"jetpack_social_options":{"image_generator_settings":{"template":"highway","enabled":false},"version":2}},"categories":[53,27],"tags":[48],"class_list":["post-1622","post","type-post","status-publish","format-standard","has-post-thumbnail","hentry","category-actualidad","category-glorias","tag-pastora"],"jetpack_publicize_connections":[],"jetpack_featured_media_url":"https:\/\/elsenatus.es\/wp-content\/uploads\/2020\/11\/Captura-de-pantalla-2020-11-27-a-las-7.10.00.png","jetpack_sharing_enabled":true,"jetpack_likes_enabled":true,"_links":{"self":[{"href":"https:\/\/elsenatus.es\/index.php?rest_route=\/wp\/v2\/posts\/1622"}],"collection":[{"href":"https:\/\/elsenatus.es\/index.php?rest_route=\/wp\/v2\/posts"}],"about":[{"href":"https:\/\/elsenatus.es\/index.php?rest_route=\/wp\/v2\/types\/post"}],"author":[{"embeddable":true,"href":"https:\/\/elsenatus.es\/index.php?rest_route=\/wp\/v2\/users\/1"}],"replies":[{"embeddable":true,"href":"https:\/\/elsenatus.es\/index.php?rest_route=%2Fwp%2Fv2%2Fcomments&post=1622"}],"version-history":[{"count":2,"href":"https:\/\/elsenatus.es\/index.php?rest_route=\/wp\/v2\/posts\/1622\/revisions"}],"predecessor-version":[{"id":1626,"href":"https:\/\/elsenatus.es\/index.php?rest_route=\/wp\/v2\/posts\/1622\/revisions\/1626"}],"wp:featuredmedia":[{"embeddable":true,"href":"https:\/\/elsenatus.es\/index.php?rest_route=\/wp\/v2\/media\/1623"}],"wp:attachment":[{"href":"https:\/\/elsenatus.es\/index.php?rest_route=%2Fwp%2Fv2%2Fmedia&parent=1622"}],"wp:term":[{"taxonomy":"category","embeddable":true,"href":"https:\/\/elsenatus.es\/index.php?rest_route=%2Fwp%2Fv2%2Fcategories&post=1622"},{"taxonomy":"post_tag","embeddable":true,"href":"https:\/\/elsenatus.es\/index.php?rest_route=%2Fwp%2Fv2%2Ftags&post=1622"}],"curies":[{"name":"wp","href":"https:\/\/api.w.org\/{rel}","templated":true}]}}