{"id":1353,"date":"2020-10-10T12:30:00","date_gmt":"2020-10-10T10:30:00","guid":{"rendered":"https:\/\/elsenatus.es\/?p=1353"},"modified":"2020-10-09T07:49:53","modified_gmt":"2020-10-09T05:49:53","slug":"el-perdon-celebra-los-cultos-a-la-virgen-del-pilar","status":"publish","type":"post","link":"https:\/\/elsenatus.es\/?p=1353","title":{"rendered":"El Perd\u00f3n celebra los cultos a la Virgen del Pilar"},"content":{"rendered":"\n<p>La Cofrad\u00eda del Perd\u00f3n de Chiclana celebrar\u00e1 el pr\u00f3ximo d\u00eda 12 de octubre, festividad de la Hispanidad, los cultos en honor y gloria a la Virgen del Pilar.<\/p>\n\n\n\n<p>Estos actos de culto dar\u00e1n comienzo a las 19:00h con el rezo del Santo Rosario, a su conclusi\u00f3n, a las 19:30h dar\u00e1 comienzo la solemne eucarist\u00eda dedicada a la Virgen del Pilar.<\/p>\n\n\n\n<figure class=\"wp-block-image size-large\"><img loading=\"lazy\" decoding=\"async\" width=\"724\" height=\"1024\" src=\"https:\/\/elsenatus.es\/wp-content\/uploads\/2020\/10\/PILARPERDONCHICLANA-724x1024.jpg\" alt=\"\" class=\"wp-image-1354\" srcset=\"https:\/\/elsenatus.es\/wp-content\/uploads\/2020\/10\/PILARPERDONCHICLANA-724x1024.jpg 724w, https:\/\/elsenatus.es\/wp-content\/uploads\/2020\/10\/PILARPERDONCHICLANA-212x300.jpg 212w, https:\/\/elsenatus.es\/wp-content\/uploads\/2020\/10\/PILARPERDONCHICLANA-768x1086.jpg 768w, https:\/\/elsenatus.es\/wp-content\/uploads\/2020\/10\/PILARPERDONCHICLANA-1086x1536.jpg 1086w, https:\/\/elsenatus.es\/wp-content\/uploads\/2020\/10\/PILARPERDONCHICLANA.jpg 1240w\" sizes=\"(max-width: 724px) 100vw, 724px\" \/><\/figure>\n","protected":false},"excerpt":{"rendered":"<p>La Cofrad\u00eda del Perd\u00f3n de Chiclana celebrar\u00e1 el pr\u00f3ximo d\u00eda 12 de octubre, festividad de la Hispanidad, los cultos en honor y gloria a la<\/p>\n","protected":false},"author":1,"featured_media":1355,"comment_status":"open","ping_status":"open","sticky":false,"template":"","format":"standard","meta":{"jetpack_post_was_ever_published":false,"_jetpack_newsletter_access":"","_jetpack_dont_email_post_to_subs":false,"_jetpack_newsletter_tier_id":0,"_jetpack_memberships_contains_paywalled_content":false,"_jetpack_memberships_contains_paid_content":false,"footnotes":"","jetpack_publicize_message":"#ACTUALIDAD\nLa Cofrad\u00eda del Perd\u00f3n de Chiclana celebrar\u00e1 el pr\u00f3ximo d\u00eda 12 de octubre, festividad de la Hispanidad, los cultos en honor y gloria a la Virgen del Pilar.","jetpack_publicize_feature_enabled":true,"jetpack_social_post_already_shared":true,"jetpack_social_options":{"image_generator_settings":{"template":"highway","enabled":false},"version":2}},"categories":[53,27],"tags":[38],"class_list":["post-1353","post","type-post","status-publish","format-standard","has-post-thumbnail","hentry","category-actualidad","category-glorias","tag-el-perdon"],"jetpack_publicize_connections":[],"jetpack_featured_media_url":"https:\/\/elsenatus.es\/wp-content\/uploads\/2020\/10\/Captura-de-pantalla-2020-10-09-a-las-7.48.43.png","jetpack_sharing_enabled":true,"jetpack_likes_enabled":true,"_links":{"self":[{"href":"https:\/\/elsenatus.es\/index.php?rest_route=\/wp\/v2\/posts\/1353"}],"collection":[{"href":"https:\/\/elsenatus.es\/index.php?rest_route=\/wp\/v2\/posts"}],"about":[{"href":"https:\/\/elsenatus.es\/index.php?rest_route=\/wp\/v2\/types\/post"}],"author":[{"embeddable":true,"href":"https:\/\/elsenatus.es\/index.php?rest_route=\/wp\/v2\/users\/1"}],"replies":[{"embeddable":true,"href":"https:\/\/elsenatus.es\/index.php?rest_route=%2Fwp%2Fv2%2Fcomments&post=1353"}],"version-history":[{"count":1,"href":"https:\/\/elsenatus.es\/index.php?rest_route=\/wp\/v2\/posts\/1353\/revisions"}],"predecessor-version":[{"id":1356,"href":"https:\/\/elsenatus.es\/index.php?rest_route=\/wp\/v2\/posts\/1353\/revisions\/1356"}],"wp:featuredmedia":[{"embeddable":true,"href":"https:\/\/elsenatus.es\/index.php?rest_route=\/wp\/v2\/media\/1355"}],"wp:attachment":[{"href":"https:\/\/elsenatus.es\/index.php?rest_route=%2Fwp%2Fv2%2Fmedia&parent=1353"}],"wp:term":[{"taxonomy":"category","embeddable":true,"href":"https:\/\/elsenatus.es\/index.php?rest_route=%2Fwp%2Fv2%2Fcategories&post=1353"},{"taxonomy":"post_tag","embeddable":true,"href":"https:\/\/elsenatus.es\/index.php?rest_route=%2Fwp%2Fv2%2Ftags&post=1353"}],"curies":[{"name":"wp","href":"https:\/\/api.w.org\/{rel}","templated":true}]}}