{"id":1349,"date":"2020-10-09T09:00:18","date_gmt":"2020-10-09T07:00:18","guid":{"rendered":"https:\/\/elsenatus.es\/?p=1349"},"modified":"2020-10-09T07:44:09","modified_gmt":"2020-10-09T05:44:09","slug":"la-virgen-del-rosario-realizo-una-procesion-claustral-por-el-interior-del-templo","status":"publish","type":"post","link":"https:\/\/elsenatus.es\/?p=1349","title":{"rendered":"La Virgen del Rosario realiz\u00f3 una procesi\u00f3n claustral por el interior del templo"},"content":{"rendered":"\n<p>El pasado martes d\u00eda 7, festividad de Ntra. Sra del Rosario, la Parroquia de San Juan Bautista culminaba los cultos de la Virgen del Rosario con una procesi\u00f3n claustral tras la celebraci\u00f3n de la eucarist\u00eda.<\/p>\n\n\n\n<p>Por primera vez desde el inicio de la pandemia pudimos volver a ver una imagen en una andas, en esta ocasi\u00f3n se trataba de una parihuela portada a hombros. Aquellas personas que iban portando la parihuela con la mascarillas para cumplir con las medidas de seguridad.<\/p>\n\n\n\n<figure class=\"wp-block-image size-large\"><img loading=\"lazy\" decoding=\"async\" width=\"768\" height=\"1024\" src=\"https:\/\/elsenatus.es\/wp-content\/uploads\/2020\/10\/parihuelarosario-768x1024.jpeg\" alt=\"\" class=\"wp-image-1350\" srcset=\"https:\/\/elsenatus.es\/wp-content\/uploads\/2020\/10\/parihuelarosario-768x1024.jpeg 768w, https:\/\/elsenatus.es\/wp-content\/uploads\/2020\/10\/parihuelarosario-225x300.jpeg 225w, https:\/\/elsenatus.es\/wp-content\/uploads\/2020\/10\/parihuelarosario-1152x1536.jpeg 1152w, https:\/\/elsenatus.es\/wp-content\/uploads\/2020\/10\/parihuelarosario.jpeg 1536w\" sizes=\"(max-width: 768px) 100vw, 768px\" \/><figcaption>La Virgen del Rosario en parihuela el pasado martes.<\/figcaption><\/figure>\n\n\n\n<p>Una procesi\u00f3n claustral propuesta por la propia Parroquia de San Juan y por el grupo de devotor en torno a la Virgen del Rosario. Una imagen de esperanza pero que nos sigue dando un golpe de realidad puesto que la enfermedad y la pandemia siguen presentes en nuestro d\u00eda a d\u00eda y lamentablemente estos actos deben realizarse en el interior del templo por el control del aforo.<\/p>\n\n\n\n<figure class=\"wp-block-embed-twitter wp-block-embed is-type-rich is-provider-twitter\"><div class=\"wp-block-embed__wrapper\">\n<blockquote class=\"twitter-tweet\" data-width=\"500\" data-dnt=\"true\"><p lang=\"es\" dir=\"ltr\"><a href=\"https:\/\/twitter.com\/hashtag\/V%C3%8DDEO?src=hash&amp;ref_src=twsrc%5Etfw\">#V\u00cdDEO<\/a><br>Momentos de la Procesi\u00f3n Claustral del pasado martes en la jornada de la festividad de la Virgen del Rosario en Chiclana. <a href=\"https:\/\/t.co\/oPUofcTwNd\">pic.twitter.com\/oPUofcTwNd<\/a><\/p>&mdash; El Senatus (@senatuschiclana) <a href=\"https:\/\/twitter.com\/senatuschiclana\/status\/1314439778834812931?ref_src=twsrc%5Etfw\">October 9, 2020<\/a><\/blockquote><script async src=\"https:\/\/platform.twitter.com\/widgets.js\" charset=\"utf-8\"><\/script>\n<\/div><figcaption>Momentos de la procesi\u00f3n claustral por el interior del templo.<\/figcaption><\/figure>\n\n\n\n<p><strong><em>Fotograf\u00edas y v\u00eddeo por Alberto Morales<\/em><\/strong><\/p>\n","protected":false},"excerpt":{"rendered":"<p>El pasado martes d\u00eda 7, festividad de Ntra. Sra del Rosario, la Parroquia de San Juan Bautista culminaba los cultos de la Virgen del Rosario<\/p>\n","protected":false},"author":1,"featured_media":1351,"comment_status":"open","ping_status":"open","sticky":false,"template":"","format":"standard","meta":{"jetpack_post_was_ever_published":false,"_jetpack_newsletter_access":"","_jetpack_dont_email_post_to_subs":false,"_jetpack_newsletter_tier_id":0,"_jetpack_memberships_contains_paywalled_content":false,"_jetpack_memberships_contains_paid_content":false,"footnotes":"","jetpack_publicize_message":"#ACTUALIDAD\nLa Virgen del Rosario realiz\u00f3 una procesi\u00f3n claustral por el interior del templo","jetpack_publicize_feature_enabled":true,"jetpack_social_post_already_shared":true,"jetpack_social_options":{"image_generator_settings":{"template":"highway","enabled":false},"version":2}},"categories":[53,27],"tags":[],"class_list":["post-1349","post","type-post","status-publish","format-standard","has-post-thumbnail","hentry","category-actualidad","category-glorias"],"jetpack_publicize_connections":[],"jetpack_featured_media_url":"https:\/\/elsenatus.es\/wp-content\/uploads\/2020\/10\/Captura-de-pantalla-2020-10-09-a-las-7.43.11.png","jetpack_sharing_enabled":true,"jetpack_likes_enabled":true,"_links":{"self":[{"href":"https:\/\/elsenatus.es\/index.php?rest_route=\/wp\/v2\/posts\/1349"}],"collection":[{"href":"https:\/\/elsenatus.es\/index.php?rest_route=\/wp\/v2\/posts"}],"about":[{"href":"https:\/\/elsenatus.es\/index.php?rest_route=\/wp\/v2\/types\/post"}],"author":[{"embeddable":true,"href":"https:\/\/elsenatus.es\/index.php?rest_route=\/wp\/v2\/users\/1"}],"replies":[{"embeddable":true,"href":"https:\/\/elsenatus.es\/index.php?rest_route=%2Fwp%2Fv2%2Fcomments&post=1349"}],"version-history":[{"count":1,"href":"https:\/\/elsenatus.es\/index.php?rest_route=\/wp\/v2\/posts\/1349\/revisions"}],"predecessor-version":[{"id":1352,"href":"https:\/\/elsenatus.es\/index.php?rest_route=\/wp\/v2\/posts\/1349\/revisions\/1352"}],"wp:featuredmedia":[{"embeddable":true,"href":"https:\/\/elsenatus.es\/index.php?rest_route=\/wp\/v2\/media\/1351"}],"wp:attachment":[{"href":"https:\/\/elsenatus.es\/index.php?rest_route=%2Fwp%2Fv2%2Fmedia&parent=1349"}],"wp:term":[{"taxonomy":"category","embeddable":true,"href":"https:\/\/elsenatus.es\/index.php?rest_route=%2Fwp%2Fv2%2Fcategories&post=1349"},{"taxonomy":"post_tag","embeddable":true,"href":"https:\/\/elsenatus.es\/index.php?rest_route=%2Fwp%2Fv2%2Ftags&post=1349"}],"curies":[{"name":"wp","href":"https:\/\/api.w.org\/{rel}","templated":true}]}}