{"id":1229,"date":"2020-09-08T11:05:12","date_gmt":"2020-09-08T09:05:12","guid":{"rendered":"https:\/\/elsenatus.es\/?p=1229"},"modified":"2020-09-09T09:33:56","modified_gmt":"2020-09-09T07:33:56","slug":"la-patrona-sale-al-encuentro-de-su-pueblo-en-el-dia-de-su-festividad","status":"publish","type":"post","link":"https:\/\/elsenatus.es\/?p=1229","title":{"rendered":"La Patrona sale al encuentro de su pueblo en el d\u00eda de su festividad"},"content":{"rendered":"\n<p>Ntra. Sra. de los Remedios ha amanecido esta ma\u00f1ana en su onom\u00e1stica a las puertas de San Telmo. Entronizada en su coqueto templete de orfebrer\u00eda custodiada por velones y jarras de flores en sus laterales.<\/p>\n\n\n\n<p>En la puerta, ambas columnas con colgaduras de flores adornan la fachada de San Telmo en el d\u00eda de la festividad de nuestra patrona. Los j\u00f3venes cofrades chiclaneros tambi\u00e9n han querido tener un detalle con la Virgen realizando una alfombra en el que se representa la aparici\u00f3n de Ntra. Sra. de los Remedios al pastorcillo.<\/p>\n\n\n\n<p>La Hermandad de los Remedios culmina hoy sus cultos con este altar ef\u00edmero y extraordinario montado para la ocasi\u00f3n. Esta tarde a partir de las 20:00h se celebrar\u00e1 la Solemne Funci\u00f3n en el interior de San Telmo finalizando con la Salve Solemne.<\/p>\n\n\n\n<figure class=\"wp-block-image size-large\"><img loading=\"lazy\" decoding=\"async\" width=\"1024\" height=\"575\" src=\"https:\/\/elsenatus.es\/wp-content\/uploads\/2020\/09\/P1024296-1024x575.jpg\" alt=\"\" class=\"wp-image-1231\" srcset=\"https:\/\/elsenatus.es\/wp-content\/uploads\/2020\/09\/P1024296-1024x575.jpg 1024w, https:\/\/elsenatus.es\/wp-content\/uploads\/2020\/09\/P1024296-300x169.jpg 300w, https:\/\/elsenatus.es\/wp-content\/uploads\/2020\/09\/P1024296-768x431.jpg 768w, https:\/\/elsenatus.es\/wp-content\/uploads\/2020\/09\/P1024296-1536x863.jpg 1536w, https:\/\/elsenatus.es\/wp-content\/uploads\/2020\/09\/P1024296-2048x1150.jpg 2048w\" sizes=\"(max-width: 1024px) 100vw, 1024px\" \/><figcaption>Altar extraordinario de Ntra. Sra. de los Remedios en su festividad<\/figcaption><\/figure>\n","protected":false},"excerpt":{"rendered":"<p>Ntra. Sra. de los Remedios ha amanecido esta ma\u00f1ana en su onom\u00e1stica a las puertas de San Telmo. Entronizada en su coqueto templete de orfebrer\u00eda<\/p>\n","protected":false},"author":1,"featured_media":1230,"comment_status":"open","ping_status":"open","sticky":false,"template":"","format":"standard","meta":{"jetpack_post_was_ever_published":false,"_jetpack_newsletter_access":"","_jetpack_dont_email_post_to_subs":false,"_jetpack_newsletter_tier_id":0,"_jetpack_memberships_contains_paywalled_content":false,"_jetpack_memberships_contains_paid_content":false,"footnotes":"","jetpack_publicize_message":"#8SEPTIEMBRE\nNtra. Sra. de los Remedios amanec\u00eda esta ma\u00f1ana en su onom\u00e1stica a las puertas de San Telmo.","jetpack_publicize_feature_enabled":true,"jetpack_social_post_already_shared":true,"jetpack_social_options":{"image_generator_settings":{"template":"highway","enabled":false},"version":2}},"categories":[53,27],"tags":[47],"class_list":["post-1229","post","type-post","status-publish","format-standard","has-post-thumbnail","hentry","category-actualidad","category-glorias","tag-remedios"],"jetpack_publicize_connections":[],"jetpack_featured_media_url":"https:\/\/elsenatus.es\/wp-content\/uploads\/2020\/09\/P1024303-scaled.jpg","jetpack_sharing_enabled":true,"jetpack_likes_enabled":true,"_links":{"self":[{"href":"https:\/\/elsenatus.es\/index.php?rest_route=\/wp\/v2\/posts\/1229"}],"collection":[{"href":"https:\/\/elsenatus.es\/index.php?rest_route=\/wp\/v2\/posts"}],"about":[{"href":"https:\/\/elsenatus.es\/index.php?rest_route=\/wp\/v2\/types\/post"}],"author":[{"embeddable":true,"href":"https:\/\/elsenatus.es\/index.php?rest_route=\/wp\/v2\/users\/1"}],"replies":[{"embeddable":true,"href":"https:\/\/elsenatus.es\/index.php?rest_route=%2Fwp%2Fv2%2Fcomments&post=1229"}],"version-history":[{"count":1,"href":"https:\/\/elsenatus.es\/index.php?rest_route=\/wp\/v2\/posts\/1229\/revisions"}],"predecessor-version":[{"id":1232,"href":"https:\/\/elsenatus.es\/index.php?rest_route=\/wp\/v2\/posts\/1229\/revisions\/1232"}],"wp:featuredmedia":[{"embeddable":true,"href":"https:\/\/elsenatus.es\/index.php?rest_route=\/wp\/v2\/media\/1230"}],"wp:attachment":[{"href":"https:\/\/elsenatus.es\/index.php?rest_route=%2Fwp%2Fv2%2Fmedia&parent=1229"}],"wp:term":[{"taxonomy":"category","embeddable":true,"href":"https:\/\/elsenatus.es\/index.php?rest_route=%2Fwp%2Fv2%2Fcategories&post=1229"},{"taxonomy":"post_tag","embeddable":true,"href":"https:\/\/elsenatus.es\/index.php?rest_route=%2Fwp%2Fv2%2Ftags&post=1229"}],"curies":[{"name":"wp","href":"https:\/\/api.w.org\/{rel}","templated":true}]}}