{"id":1222,"date":"2020-09-07T09:34:03","date_gmt":"2020-09-07T07:34:03","guid":{"rendered":"https:\/\/elsenatus.es\/?p=1222"},"modified":"2020-09-07T09:34:04","modified_gmt":"2020-09-07T07:34:04","slug":"la-patrona-de-chiclana-se-acerca-a-sus-fieles","status":"publish","type":"post","link":"https:\/\/elsenatus.es\/?p=1222","title":{"rendered":"La patrona de Chiclana se acerca a sus fieles"},"content":{"rendered":"\n<p>Desde ayer domingo la imagen de nuestra patrona la Virgen de los Remedios permanece a las plantas del altar principal de San Telmo.<\/p>\n\n\n\n<p>Una ocasi\u00f3n inmejorable para presenciar la coqueta y peque\u00f1a imagen de Ntra. Sra. de los Remedios acostumbrada a verla en su camar\u00edn el resto del a\u00f1o. Un altar extraordinario provocado por la Covid-19 y que permanecer\u00e1 hasta ma\u00f1ana d\u00eda 8, festividad de la patrona de Chiclana.<\/p>\n","protected":false},"excerpt":{"rendered":"<p>Desde ayer domingo la imagen de nuestra patrona la Virgen de los Remedios permanece a las plantas del altar principal de San Telmo. Una ocasi\u00f3n<\/p>\n","protected":false},"author":1,"featured_media":1223,"comment_status":"open","ping_status":"open","sticky":false,"template":"","format":"standard","meta":{"jetpack_post_was_ever_published":false,"_jetpack_newsletter_access":"","_jetpack_dont_email_post_to_subs":false,"_jetpack_newsletter_tier_id":0,"_jetpack_memberships_contains_paywalled_content":false,"_jetpack_memberships_contains_paid_content":false,"footnotes":"","jetpack_publicize_message":"#ACTUALIDAD\nDesde ayer domingo la imagen de nuestra patrona la Virgen de los Remedios permanece a las plantas del altar principal de San Telmo.","jetpack_publicize_feature_enabled":true,"jetpack_social_post_already_shared":true,"jetpack_social_options":{"image_generator_settings":{"template":"highway","enabled":false},"version":2}},"categories":[53,27],"tags":[47],"class_list":["post-1222","post","type-post","status-publish","format-standard","has-post-thumbnail","hentry","category-actualidad","category-glorias","tag-remedios"],"jetpack_publicize_connections":[],"jetpack_featured_media_url":"https:\/\/elsenatus.es\/wp-content\/uploads\/2020\/09\/Captura-de-pantalla-2020-09-07-a-las-9.29.58.png","jetpack_sharing_enabled":true,"jetpack_likes_enabled":true,"_links":{"self":[{"href":"https:\/\/elsenatus.es\/index.php?rest_route=\/wp\/v2\/posts\/1222"}],"collection":[{"href":"https:\/\/elsenatus.es\/index.php?rest_route=\/wp\/v2\/posts"}],"about":[{"href":"https:\/\/elsenatus.es\/index.php?rest_route=\/wp\/v2\/types\/post"}],"author":[{"embeddable":true,"href":"https:\/\/elsenatus.es\/index.php?rest_route=\/wp\/v2\/users\/1"}],"replies":[{"embeddable":true,"href":"https:\/\/elsenatus.es\/index.php?rest_route=%2Fwp%2Fv2%2Fcomments&post=1222"}],"version-history":[{"count":1,"href":"https:\/\/elsenatus.es\/index.php?rest_route=\/wp\/v2\/posts\/1222\/revisions"}],"predecessor-version":[{"id":1224,"href":"https:\/\/elsenatus.es\/index.php?rest_route=\/wp\/v2\/posts\/1222\/revisions\/1224"}],"wp:featuredmedia":[{"embeddable":true,"href":"https:\/\/elsenatus.es\/index.php?rest_route=\/wp\/v2\/media\/1223"}],"wp:attachment":[{"href":"https:\/\/elsenatus.es\/index.php?rest_route=%2Fwp%2Fv2%2Fmedia&parent=1222"}],"wp:term":[{"taxonomy":"category","embeddable":true,"href":"https:\/\/elsenatus.es\/index.php?rest_route=%2Fwp%2Fv2%2Fcategories&post=1222"},{"taxonomy":"post_tag","embeddable":true,"href":"https:\/\/elsenatus.es\/index.php?rest_route=%2Fwp%2Fv2%2Ftags&post=1222"}],"curies":[{"name":"wp","href":"https:\/\/api.w.org\/{rel}","templated":true}]}}